{"id":24839,"date":"2023-08-03T00:45:51","date_gmt":"2023-08-03T03:45:51","guid":{"rendered":"https:\/\/chacosintesis.com.ar\/?p=24839"},"modified":"2023-08-03T01:07:38","modified_gmt":"2023-08-03T04:07:38","slug":"a-partir-de-peritaje-tecnologico-aseguran-que-emerenciano-sena-le-hablo-en-codigo-a-obregon-el-dia-del-femicidio","status":"publish","type":"post","link":"https:\/\/chacosintesis.com.ar\/index.php\/a-partir-de-peritaje-tecnologico-aseguran-que-emerenciano-sena-le-hablo-en-codigo-a-obregon-el-dia-del-femicidio\/","title":{"rendered":"A partir de peritaje tecnol\u00f3gico, aseguran que Emerenciano Sena le habl\u00f3 en &#8220;c\u00f3digo&#8221; a Obreg\u00f3n el d\u00eda del femicidio"},"content":{"rendered":"<div class=\"postie-post\">Sena revel\u00f3 una conversaci\u00f3n con el imputado Gustavo Obreg\u00f3n a las 13,04 del 2 de junio pasado, minutos despu\u00e9s de la hora en la que para los fiscales fue asesinada la joven.<br \/>\nUn peritaje tecnol\u00f3gico realizado al tel\u00e9fono celular de Emerenciano Sena revel\u00f3 una conversaci\u00f3n con el imputado Gustavo Obreg\u00f3n a las 13,04 del 2 de junio pasado, minutos despu\u00e9s de la hora en la que para los fiscales fue asesinada Cecilia Strzyzowski en la casa del dirigente social en Resistencia, y para la querella se trata de un mensaje &#8220;en c\u00f3digo&#8221; que probar\u00eda la &#8220;premeditaci\u00f3n&#8221; del femicidio.<br \/>\nEl abogado Juan Arreg\u00edn, representante de la madre de la joven, afirm\u00f3 que eso se desprende de una pericia a un tel\u00e9fono marca Samsung modelo A12 de Emerenciano Sena, en el que se transcribi\u00f3 un audio enviado a las 13.04 de ese 2 de junio, d\u00eda en el que se la ve por \u00faltima vez con vida a la joven de 28 a\u00f1os.<br \/>\n&#8220;Gustavo, lo de \u00f3micron te voy a dejar en el reloj abajo, donde est\u00e1n los focos esos de electricidad, ah\u00ed va a estar eso para vos&#8221;, le dijo Sena a Obreg\u00f3n, quien se desempe\u00f1aba como asistente del matrimonio Sena. Arreg\u00edn record\u00f3 que el femicidio ocurri\u00f3 -seg\u00fan se desprende de la investigaci\u00f3n fiscal- entre las 12.16 y 13.01 del 2 de junio, horario en el que estaba el dirigente social junto a su hijo C\u00e9sar y su esposa Marcela Acu\u00f1a en la casa de Santa Mar\u00eda de Oro 1460, de Resistencia.<br \/>\nLa hip\u00f3tesis de la querella y del Equipo Fiscal Especial (EFE) es que ese audio en &#8220;c\u00f3digo&#8221; prueba que Sena estaba al tanto del asesinato de Cecilia y que &#8220;lo de \u00f3micron&#8221; ser\u00eda dinero a cambio de ayudarlo a C\u00e9sar. &#8220;El C\u00e9sar va a Colonia Elisa con la Riti, creo que va, o sea que va a cambiar de men\u00fa hoy, y despu\u00e9s va a venir a dormir ac\u00e1 en casa, as\u00ed que estate mucho en contacto con \u00e9l, cosa que cuando llega te peg\u00e1s a \u00e9l y trat\u00e1 de que se quede ac\u00e1, comele la oreja que se quede porque me pica que est\u00e1 teniendo un drama por ah\u00ed sab\u00e9s, ocupate de eso de \u00e9l sab\u00e9s, no le digas a nadie de eso sab\u00e9s, que quede entre vos y yo nom\u00e1s&#8221; (sic), le indic\u00f3 a Obreg\u00f3n.<br \/>\nFuente: T\u00e9lam<\/div>\n","protected":false},"excerpt":{"rendered":"<p>Sena revel\u00f3 una conversaci\u00f3n con el imputado Gustavo Obreg\u00f3n a las 13,04 del 2 de junio pasado, minutos despu\u00e9s de la hora en la que para los fiscales fue asesinada la joven. Un peritaje tecnol\u00f3gico realizado al tel\u00e9fono celular de Emerenciano Sena revel\u00f3 una conversaci\u00f3n con el imputado Gustavo Obreg\u00f3n a las 13,04 del 2 [&hellip;]<\/p>\n","protected":false},"author":1,"featured_media":24840,"comment_status":"closed","ping_status":"closed","sticky":false,"template":"","format":"standard","meta":{"footnotes":""},"categories":[6],"tags":[],"class_list":{"0":"post-24839","1":"post","2":"type-post","3":"status-publish","4":"format-standard","5":"has-post-thumbnail","7":"category-chaco"},"_links":{"self":[{"href":"https:\/\/chacosintesis.com.ar\/index.php\/wp-json\/wp\/v2\/posts\/24839","targetHints":{"allow":["GET"]}}],"collection":[{"href":"https:\/\/chacosintesis.com.ar\/index.php\/wp-json\/wp\/v2\/posts"}],"about":[{"href":"https:\/\/chacosintesis.com.ar\/index.php\/wp-json\/wp\/v2\/types\/post"}],"author":[{"embeddable":true,"href":"https:\/\/chacosintesis.com.ar\/index.php\/wp-json\/wp\/v2\/users\/1"}],"replies":[{"embeddable":true,"href":"https:\/\/chacosintesis.com.ar\/index.php\/wp-json\/wp\/v2\/comments?post=24839"}],"version-history":[{"count":0,"href":"https:\/\/chacosintesis.com.ar\/index.php\/wp-json\/wp\/v2\/posts\/24839\/revisions"}],"wp:featuredmedia":[{"embeddable":true,"href":"https:\/\/chacosintesis.com.ar\/index.php\/wp-json\/wp\/v2\/media\/24840"}],"wp:attachment":[{"href":"https:\/\/chacosintesis.com.ar\/index.php\/wp-json\/wp\/v2\/media?parent=24839"}],"wp:term":[{"taxonomy":"category","embeddable":true,"href":"https:\/\/chacosintesis.com.ar\/index.php\/wp-json\/wp\/v2\/categories?post=24839"},{"taxonomy":"post_tag","embeddable":true,"href":"https:\/\/chacosintesis.com.ar\/index.php\/wp-json\/wp\/v2\/tags?post=24839"}],"curies":[{"name":"wp","href":"https:\/\/api.w.org\/{rel}","templated":true}]}}