{"id":24829,"date":"2023-08-03T00:36:08","date_gmt":"2023-08-03T03:36:08","guid":{"rendered":"https:\/\/chacosintesis.com.ar\/?p=24829"},"modified":"2023-08-03T00:37:27","modified_gmt":"2023-08-03T03:37:27","slug":"trabajan-en-la-valoracion-de-los-residuos-organicos-generados-en-la-planta-de-tratamiento-de-liquidos-cloacales","status":"publish","type":"post","link":"https:\/\/chacosintesis.com.ar\/index.php\/trabajan-en-la-valoracion-de-los-residuos-organicos-generados-en-la-planta-de-tratamiento-de-liquidos-cloacales\/","title":{"rendered":"Trabajan en la valoraci\u00f3n de los residuos org\u00e1nicos generados en la Planta de Tratamiento de L\u00edquidos Cloacales"},"content":{"rendered":"<div class=\"postie-post\">El objetivo es identificar, sistematizar, calificar y cuantificar las fuentes de generaci\u00f3n de residuos org\u00e1nicos, para establecer estrategias para la valorizaci\u00f3n y reinserci\u00f3n de productos y subproductos derivados de ella.<br \/>\nAutoridades de Sameep se reunieron con t\u00e9cnicos del Ministerio de Ambiente y Desarrollo Territorial Sostenible de la provincia y del Ministerio de Ambiente de la Naci\u00f3n, con el objetivo de ordenar las log\u00edsticas internas de residuos org\u00e1nicos que se generan en la Planta de Tratamiento de L\u00edquidos Cloacales (PTLC) y acompa\u00f1ar en su valorizaci\u00f3n. Durante el encuentro destacaron la infraestructura de la empresa provincial y reafirmaron el compromiso de continuar trabajando en conjunto para lograr nuevos desaf\u00edos.<br \/>\nLa reuni\u00f3n, que se llev\u00f3 a cabo en las instalaciones de la PTLC, en Resistencia, cont\u00f3 con la participaci\u00f3n del gerente Adri\u00e1n Soto y t\u00e9cnicos de la empresa, el subsecretario de Ambiente y Biodiversidad, Tomas Camarasa; y el coordinador del departamento de Gesti\u00f3n Integral de Residuos S\u00f3lidos Urbanos, Andr\u00e9s Reina y asesores t\u00e9cnicos del Programa Nacional de Valorizaci\u00f3n de Org\u00e1nicos (PROVO) perteneciente al Ministerio de Ambiente y Desarrollo Sostenible de la Naci\u00f3n.<br \/>\nEl PROVO es un programa Nacional que se propone identificar, sistematizar, calificar y cuantificar las fuentes de generaci\u00f3n de residuos org\u00e1nicos a nivel nacional y provincial, con el fin de establecer estrategias para su valorizaci\u00f3n y para la reinserci\u00f3n de los productos y subproductos derivados de ella en circuitos productivos y de recomposici\u00f3n ambiental con integraci\u00f3n social.<\/p>\n<p>Balance positivo<\/p>\n<p>El gerente de la PTLC de Sameep, Adri\u00e1n Soto, se\u00f1al\u00f3 que \u201ces importante intercambiar l\u00edneas de acci\u00f3n tanto con los Ministerio de Ambiente de provincia y Naci\u00f3n y seguir avanzando para lograr objetivos en lo que respecta al tratamiento de la planta\u201d.<br \/>\n\u201cEl balance de la visita es positivo porque la experiencia hace que podamos crecer como empresa y poder seguir trabajando con m\u00e1s \u00edmpetu a futuro\u201d, agreg\u00f3.<br \/>\nA su turno, Patricia Fern\u00e1ndez, asesora t\u00e9cnica del PROVO manifest\u00f3: \u201cNuestra funci\u00f3n es relevar experiencia de c\u00f3mo los t\u00e9cnicos locales manejan la planta y poder aportar sobre el compostaje de los lodos y la tecnolog\u00eda de biog\u00e1s para tener un mayor aprovechamiento. Esta es una planta que cuenta con tecnolog\u00eda de punta que permite generar subproductos interesantes\u201d.<br \/>\nFinalmente, el subsecretario de Ambiente y Biodiversidad, Tomas Camarasa, expres\u00f3 que \u201cestuvimos visitando la Planta de Tratamiento de L\u00edquidos Cloacales junto al Programa de Organizaci\u00f3n de Residuos Org\u00e1nicos del Ministerio de Ambiente de Naci\u00f3n intercambiando conocimiento y posibilidades para aprovechar los barros cloacales que se generan en el proceso. Sin dudas, es un lujo contar con esta Planta de Tratamiento en la provincia con tecnolog\u00eda de punta y las posibilidades que conlleva esta infraestructura\u201d, concluy\u00f3.<\/p><\/div>\n","protected":false},"excerpt":{"rendered":"<p>El objetivo es identificar, sistematizar, calificar y cuantificar las fuentes de generaci\u00f3n de residuos org\u00e1nicos, para establecer estrategias para la valorizaci\u00f3n y reinserci\u00f3n de productos y subproductos derivados de ella. Autoridades de Sameep se reunieron con t\u00e9cnicos del Ministerio de Ambiente y Desarrollo Territorial Sostenible de la provincia y del Ministerio de Ambiente de la [&hellip;]<\/p>\n","protected":false},"author":1,"featured_media":24830,"comment_status":"closed","ping_status":"closed","sticky":false,"template":"","format":"standard","meta":{"footnotes":""},"categories":[6],"tags":[],"class_list":{"0":"post-24829","1":"post","2":"type-post","3":"status-publish","4":"format-standard","5":"has-post-thumbnail","7":"category-chaco"},"_links":{"self":[{"href":"https:\/\/chacosintesis.com.ar\/index.php\/wp-json\/wp\/v2\/posts\/24829","targetHints":{"allow":["GET"]}}],"collection":[{"href":"https:\/\/chacosintesis.com.ar\/index.php\/wp-json\/wp\/v2\/posts"}],"about":[{"href":"https:\/\/chacosintesis.com.ar\/index.php\/wp-json\/wp\/v2\/types\/post"}],"author":[{"embeddable":true,"href":"https:\/\/chacosintesis.com.ar\/index.php\/wp-json\/wp\/v2\/users\/1"}],"replies":[{"embeddable":true,"href":"https:\/\/chacosintesis.com.ar\/index.php\/wp-json\/wp\/v2\/comments?post=24829"}],"version-history":[{"count":0,"href":"https:\/\/chacosintesis.com.ar\/index.php\/wp-json\/wp\/v2\/posts\/24829\/revisions"}],"wp:featuredmedia":[{"embeddable":true,"href":"https:\/\/chacosintesis.com.ar\/index.php\/wp-json\/wp\/v2\/media\/24830"}],"wp:attachment":[{"href":"https:\/\/chacosintesis.com.ar\/index.php\/wp-json\/wp\/v2\/media?parent=24829"}],"wp:term":[{"taxonomy":"category","embeddable":true,"href":"https:\/\/chacosintesis.com.ar\/index.php\/wp-json\/wp\/v2\/categories?post=24829"},{"taxonomy":"post_tag","embeddable":true,"href":"https:\/\/chacosintesis.com.ar\/index.php\/wp-json\/wp\/v2\/tags?post=24829"}],"curies":[{"name":"wp","href":"https:\/\/api.w.org\/{rel}","templated":true}]}}