{"id":24810,"date":"2023-08-02T17:54:50","date_gmt":"2023-08-02T20:54:50","guid":{"rendered":"https:\/\/chacosintesis.com.ar\/?p=24810"},"modified":"2023-08-02T18:06:37","modified_gmt":"2023-08-02T21:06:37","slug":"el-chaco-no-va-a-tolerar-mas-hechos-de-violencia-de-los-piqueteros-socios-de-capitanich","status":"publish","type":"post","link":"https:\/\/chacosintesis.com.ar\/index.php\/el-chaco-no-va-a-tolerar-mas-hechos-de-violencia-de-los-piqueteros-socios-de-capitanich\/","title":{"rendered":"&#8220;El Chaco no va a tolerar m\u00e1s hechos de violencia de los piqueteros socios de Capitanich&#8221;"},"content":{"rendered":"<div class=\"postie-post\">Ante los anuncios realizados por Emerenciano Sena desde la prisi\u00f3n, mediante un audio, sobre movilizaciones masivas para forzar su liberaci\u00f3n, desde Juntos por el Cambio, Chaco Cambia se\u00f1alaron que \u201cno vamos a tolerar m\u00e1s hechos de violencia de los piqueteros, socios de Jorge Capitanich\u201d, en referencia a quienes convocan a la marcha en defensa del detenido por el caso Cecilia Strzyzowski, porque, aseguran, que \u201cla gran mayor\u00eda de los ciudadanos de la provincia quieren vivir en paz\u201d.<br \/>\nDesde Juntos por el Cambio, Chaco Cambia indicaron que hacen responsable al gobernador de la provincia, Jorge Capitanich, por cualquier hecho de violencia social e institucional que suceda en las marchas previstas para esta semana, y organizada por su socio pol\u00edtico, Emerenciano Sena, desde la prisi\u00f3n, luego de conocerse un audio en el que pide a todos los dem\u00e1s piqueteros de la provincia que unan en su defensa.<br \/>\n\u201cQUEREMOS VIVIR EN PAZ\u201d<br \/>\n\u201cTodos los habitantes de la provincia queremos vivir en paz, lejos de las pr\u00e1cticas violentas de estos delincuentes que hace m\u00e1s de quince a\u00f1os vienen sometiendo a los pobres a sus antojos y deseos pol\u00edticos y econ\u00f3micos, enriqueci\u00e9ndose a costa del financiamiento del Estado, con la complicidad de este gobierno kirchnerista\u201d, manifestaron desde la oposici\u00f3n.<br \/>\nLuego, afirman: \u201cNo vamos a tolerar ni un hecho de violencia m\u00e1s en la provincia, porque desgraciadamente el asesinato de una joven tuvo que encender las alarmas sociales y pol\u00edticas para desenmascarar a los que hace a\u00f1os tiene el poder para delinquir y usar a los m\u00e1s humildes y necesitados para llevar a sus bolsillos enormes cifras de dinero p\u00fablico con la banca de quienes hoy nos gobiernan\u201d.<br \/>\nPor \u00faltimo, se\u00f1alan que, desde Juntos por el Cambio, Chaco Cambia est\u00e1n \u201cconvencidos que el Chaco sin violencia y con propuestas claras de asistencia, educaci\u00f3n, formaci\u00f3n y oportunidades saldr\u00e1 de la pobreza a la que nos llevar este grupo de piqueteros y pol\u00edticos cuyo \u00fanico deseo es perpetuarse en poder a costa de empobrecer a sus ciudadanos\u201d.<\/div>\n","protected":false},"excerpt":{"rendered":"<p>Ante los anuncios realizados por Emerenciano Sena desde la prisi\u00f3n, mediante un audio, sobre movilizaciones masivas para forzar su liberaci\u00f3n, desde Juntos por el Cambio, Chaco Cambia se\u00f1alaron que \u201cno vamos a tolerar m\u00e1s hechos de violencia de los piqueteros, socios de Jorge Capitanich\u201d, en referencia a quienes convocan a la marcha en defensa del [&hellip;]<\/p>\n","protected":false},"author":1,"featured_media":24811,"comment_status":"closed","ping_status":"closed","sticky":false,"template":"","format":"standard","meta":{"footnotes":""},"categories":[6],"tags":[],"class_list":{"0":"post-24810","1":"post","2":"type-post","3":"status-publish","4":"format-standard","5":"has-post-thumbnail","7":"category-chaco"},"_links":{"self":[{"href":"https:\/\/chacosintesis.com.ar\/index.php\/wp-json\/wp\/v2\/posts\/24810","targetHints":{"allow":["GET"]}}],"collection":[{"href":"https:\/\/chacosintesis.com.ar\/index.php\/wp-json\/wp\/v2\/posts"}],"about":[{"href":"https:\/\/chacosintesis.com.ar\/index.php\/wp-json\/wp\/v2\/types\/post"}],"author":[{"embeddable":true,"href":"https:\/\/chacosintesis.com.ar\/index.php\/wp-json\/wp\/v2\/users\/1"}],"replies":[{"embeddable":true,"href":"https:\/\/chacosintesis.com.ar\/index.php\/wp-json\/wp\/v2\/comments?post=24810"}],"version-history":[{"count":0,"href":"https:\/\/chacosintesis.com.ar\/index.php\/wp-json\/wp\/v2\/posts\/24810\/revisions"}],"wp:featuredmedia":[{"embeddable":true,"href":"https:\/\/chacosintesis.com.ar\/index.php\/wp-json\/wp\/v2\/media\/24811"}],"wp:attachment":[{"href":"https:\/\/chacosintesis.com.ar\/index.php\/wp-json\/wp\/v2\/media?parent=24810"}],"wp:term":[{"taxonomy":"category","embeddable":true,"href":"https:\/\/chacosintesis.com.ar\/index.php\/wp-json\/wp\/v2\/categories?post=24810"},{"taxonomy":"post_tag","embeddable":true,"href":"https:\/\/chacosintesis.com.ar\/index.php\/wp-json\/wp\/v2\/tags?post=24810"}],"curies":[{"name":"wp","href":"https:\/\/api.w.org\/{rel}","templated":true}]}}