{"id":24803,"date":"2023-08-02T17:18:09","date_gmt":"2023-08-02T20:18:09","guid":{"rendered":"https:\/\/chacosintesis.com.ar\/?p=24803"},"modified":"2023-08-02T17:36:39","modified_gmt":"2023-08-02T20:36:39","slug":"heroes-de-malvinas-tendran-su-propio-servicio-de-atencion-integral-en-salud-publica","status":"publish","type":"post","link":"https:\/\/chacosintesis.com.ar\/index.php\/heroes-de-malvinas-tendran-su-propio-servicio-de-atencion-integral-en-salud-publica\/","title":{"rendered":"H\u00e9roes de Malvinas tendr\u00e1n su propio Servicio de Atenci\u00f3n Integral en salud p\u00fablica"},"content":{"rendered":"<div class=\"postie-post\">Legisladoras y legisladores provinciales aprobaron la iniciativa que funcionar\u00e1 bajo la \u00f3rbita del Ministerio de Salud, en toda la provincia. La pr\u00f3xima sesi\u00f3n ordinaria ser\u00e1 el mi\u00e9rcoles 16, luego de las elecciones PASO en todo el pa\u00eds.<br \/>\nLa diputada Elida Cuesta presidi\u00f3 la Sesi\u00f3n Ordinaria N\u00ba 18 del Poder Legislativo, oportunidad en la que se abordaron los proyectos de Ley que obraban en la alteraci\u00f3n del Orden del D\u00eda acordada este martes, en la reuni\u00f3n de Labor Parlamentaria.<br \/>\nUna de las iniciativas convertidas en Ley por el voto un\u00e1nime de los legisladores, plantea la creaci\u00f3n del \u201cServicio de Atenci\u00f3n Integral en Salud de Veteranos de Guerra de Malvinas\u201d en el \u00e1mbito del Ministerio de Salud P\u00fablica del Chaco, con nivel de Direcci\u00f3n, con el objeto de \u201cdotar de herramientas institucionales a nuestros h\u00e9roes, para que ellos y sus familiares directos encuentren en este espacio la contenci\u00f3n para poder sobrellevar las consecuencias que en sus vidas y n\u00facleos familiares el conflicto b\u00e9lico caus\u00f3 y contin\u00faa causando\u201d.<br \/>\nLa impulsora de la norma es la presidenta de la C\u00e1mara de Diputados, Lidia Elida Cuesta quien expresa en los fundamentos que la misma \u201ctiene su origen en la reivindicaci\u00f3n que el estado chaque\u00f1o viene realizando hace a\u00f1os respecto a los veteranos de la guerra de Malvinas\u201d.<br \/>\nPosteriormente, se aprob\u00f3 la ratificaci\u00f3n del Decreto N\u00ba 1107\/23, que modifica un decreto anterior a trav\u00e9s del cual se otorga un suplemento no remunerativo y no bonificable, un monto fijo de $15.000, para los agentes de la jurisdicci\u00f3n 29- Ministerio de Educaci\u00f3n, Cultura, Ciencia y Tecnolog\u00eda, comprendidos en el Escalaf\u00f3n Docente-Ley N\u00b0 647-E, que revistan como supervisores docentes de todos los niveles y modalidades.<br \/>\nTambi\u00e9n, se acept\u00f3 el veto parcial del Poder Ejecutivo a la sanci\u00f3n legislativa 3827-G, de prevenci\u00f3n, concientizaci\u00f3n y tratamiento del juego patol\u00f3gico, mediante el cual se introducen modificaciones al texto previamente sancionado.<br \/>\nFinalmente, el Cuerpo defini\u00f3 reprogramar la pr\u00f3xima sesi\u00f3n ordinaria, la cual se fij\u00f3 para el 16 de agosto, luego de las elecciones PASO nacionales.<\/div>\n","protected":false},"excerpt":{"rendered":"<p>Legisladoras y legisladores provinciales aprobaron la iniciativa que funcionar\u00e1 bajo la \u00f3rbita del Ministerio de Salud, en toda la provincia. La pr\u00f3xima sesi\u00f3n ordinaria ser\u00e1 el mi\u00e9rcoles 16, luego de las elecciones PASO en todo el pa\u00eds. La diputada Elida Cuesta presidi\u00f3 la Sesi\u00f3n Ordinaria N\u00ba 18 del Poder Legislativo, oportunidad en la que se [&hellip;]<\/p>\n","protected":false},"author":1,"featured_media":24804,"comment_status":"closed","ping_status":"closed","sticky":false,"template":"","format":"standard","meta":{"footnotes":""},"categories":[6],"tags":[],"class_list":{"0":"post-24803","1":"post","2":"type-post","3":"status-publish","4":"format-standard","5":"has-post-thumbnail","7":"category-chaco"},"_links":{"self":[{"href":"https:\/\/chacosintesis.com.ar\/index.php\/wp-json\/wp\/v2\/posts\/24803","targetHints":{"allow":["GET"]}}],"collection":[{"href":"https:\/\/chacosintesis.com.ar\/index.php\/wp-json\/wp\/v2\/posts"}],"about":[{"href":"https:\/\/chacosintesis.com.ar\/index.php\/wp-json\/wp\/v2\/types\/post"}],"author":[{"embeddable":true,"href":"https:\/\/chacosintesis.com.ar\/index.php\/wp-json\/wp\/v2\/users\/1"}],"replies":[{"embeddable":true,"href":"https:\/\/chacosintesis.com.ar\/index.php\/wp-json\/wp\/v2\/comments?post=24803"}],"version-history":[{"count":0,"href":"https:\/\/chacosintesis.com.ar\/index.php\/wp-json\/wp\/v2\/posts\/24803\/revisions"}],"wp:featuredmedia":[{"embeddable":true,"href":"https:\/\/chacosintesis.com.ar\/index.php\/wp-json\/wp\/v2\/media\/24804"}],"wp:attachment":[{"href":"https:\/\/chacosintesis.com.ar\/index.php\/wp-json\/wp\/v2\/media?parent=24803"}],"wp:term":[{"taxonomy":"category","embeddable":true,"href":"https:\/\/chacosintesis.com.ar\/index.php\/wp-json\/wp\/v2\/categories?post=24803"},{"taxonomy":"post_tag","embeddable":true,"href":"https:\/\/chacosintesis.com.ar\/index.php\/wp-json\/wp\/v2\/tags?post=24803"}],"curies":[{"name":"wp","href":"https:\/\/api.w.org\/{rel}","templated":true}]}}