{"id":24801,"date":"2023-08-02T17:14:18","date_gmt":"2023-08-02T20:14:18","guid":{"rendered":"https:\/\/chacosintesis.com.ar\/?p=24801"},"modified":"2023-08-02T17:36:38","modified_gmt":"2023-08-02T20:36:38","slug":"puerto-tirol-inaugurara-proximamente-la-primera-fabrica-del-acordeon-que-se-restituye-en-el-pais","status":"publish","type":"post","link":"https:\/\/chacosintesis.com.ar\/index.php\/puerto-tirol-inaugurara-proximamente-la-primera-fabrica-del-acordeon-que-se-restituye-en-el-pais\/","title":{"rendered":"Puerto Tirol inaugurar\u00e1 pr\u00f3ximamente la primera F\u00e1brica del Acorde\u00f3n que se restituye en el pa\u00eds"},"content":{"rendered":"<div class=\"postie-post\">\u201cEstar\u00e1 destinada a los pibes y pibas que deseen estudiar acorde\u00f3n, no solamente en la Fundaci\u00f3n de Arte de la Fundaci\u00f3n Huoqo de Puerto Tirol, sino en todo el Chaco\u201d, adelant\u00f3 el titular del Instituto de Cultura del Chaco.<br \/>\nEl presidente del Instituto de Cultura del Chaco, Francisco Romero y el ministro de Cultura de la Naci\u00f3n, Trist\u00e1n Bauer, avanzar en diversos puntos de una agenda que alcanz\u00f3 a la F\u00e1brica del Acorde\u00f3n de Puerto Tirol, la Bienal de la Artes en S\u00e1enz Pe\u00f1a y el Juicio de la Verdad por la Masacre de Napalp\u00ed. \u201cPor un lado, present\u00e9 a Bauer el informe de la conclusi\u00f3n de la primera etapa de construcci\u00f3n de la F\u00e1brica Social del Acorde\u00f3n, la rendici\u00f3n respectiva que hizo la Fundaci\u00f3n Puerto Tirol es Chamam\u00e9, y ya est\u00e1 la orden de pago de la segunda cuota para concluir la construcci\u00f3n del edificio\u201d, destac\u00f3 Romero.<br \/>\nA su vez, present\u00f3 los insumos y herramientas que requiere la f\u00e1brica y \u201cagendamos una visita del ministro Trist\u00e1n Bauer para la inauguraci\u00f3n de la misma, que representa no solamente un acontecimiento a nivel nacional, ya que no s\u00f3lo se trata de la primera f\u00e1brica de acorde\u00f3n que se restituye en el pa\u00eds; sino sobre todo por su fin social, porque estar\u00e1 destinada a los pibes y pibas que deseen estudiar acorde\u00f3n, no solamente en la Fundaci\u00f3n de Arte de la Fundaci\u00f3n Huoqo de Puerto Tirol, sino en todo el Chaco\u201d. \u201cY a partir de un acuerdo con el Fondo Nacional de las Artes trataremos de que esto llegue a otras partes del pa\u00eds. Adem\u00e1s, en t\u00e9rminos de industria cultural se trata de la recuperaci\u00f3n, de los oficios de luther\u00eda y tambi\u00e9n de todo lo que concierne a la cultura del acorde\u00f3n y del chamam\u00e9\u201d, agreg\u00f3 el funcionario cultural.<br \/>\nJuicio de la Verdad por la Masacre de Napalp\u00ed<br \/>\nEn segundo lugar, abordaron lo relativo al Juicio de la Verdad por la Masacre de Napalp\u00ed cuya sentencia plantea que tanto el Estado nacional como el provincial se aboquen a una pedagog\u00eda de la memoria y a la puesta en valor patrimonial de lo que fuera la reducci\u00f3n de Napalp\u00ed. \u201cEn tal sentido, la semana pasada, el Instituto de Cultura, a trav\u00e9s de la Direcci\u00f3n de Patrimonio Cultural, recibi\u00f3 el equipamiento t\u00e9cnico pertinente para que el gran material bibliogr\u00e1fico, documental, encontrado en el edificio de la Administraci\u00f3n de la Reducci\u00f3n de Napalp\u00ed, en Colonia Aborigen, que data de 1911, pueda ser debidamente procesado, analizado, clasificado, puesto que se trata de un documento de alt\u00edsimo valor hist\u00f3rico\u201d, destac\u00f3 Romero.<br \/>\n\u201cTambi\u00e9n entregu\u00e9 al ministro Bauer lo que resta en cuanto a financiamiento para el documental sobre el juicio de la verdad por la masacre de Napalp\u00ed. La primera parte, lo que concierne la producci\u00f3n, est\u00e1 cubierta, es un trabajo de la Fundaci\u00f3n Napalp\u00ed; y la segunda parte, que tiene que ver con postproducci\u00f3n, el planteo del ministro Bauer es que lo gestionaremos con Canal Encuentro\u201d, agreg\u00f3.<br \/>\nBienal de Artes en S\u00e1enz Pe\u00f1a<br \/>\nEl tercer punto tiene que ver con la Bienal de las Artes que se realizar\u00e1 en presidencia Roque S\u00e1enz Pe\u00f1a del 24 al 26 de agosto que cuenta con aporte fundamentalmente del Instituto de Cultura a trav\u00e9s de una convocatoria de proyectos art\u00edsticos y que ser\u00e1 acompa\u00f1ado por el Ministerio de Cultura de la Naci\u00f3n con un n\u00famero musical. \u201cLa decisi\u00f3n del Ministerio de Cultura de la Naci\u00f3n de acompa\u00f1ar la Bienal de las Artes as\u00ed como tambi\u00e9n informe al ministro Tristan Bauer de la Bienal Esc\u00e9nica del Norte Grande que estamos gestionando con el Instituto Nacional de Teatro y que se realizar\u00e1 del 17 al 21 de agosto\u201d, asegur\u00f3 el titular del ICCh.<br \/>\nPor \u00faltimo, \u201cpasamos revista de la visita que realizar\u00e1 el ministro Trist\u00e1n Bauer para la inauguraci\u00f3n del edificio de la F\u00e1brica Social del Acorde\u00f3n en el marco de la apertura de la Feria Iberoamericana del libro Leer en Democracia y tambi\u00e9n con entrega, en el programa Libros y Casas, del material que aporta Cultura Naci\u00f3n, m\u00e1s lo que aportar\u00e1n el Instituto de Cultura y el Instituto de Vivienda con autores y autoras locales en pr\u00f3ximas entregas de vivienda. Tambi\u00e9n la inauguraci\u00f3n de la \u00faltima parte del complejo cultural La Estaci\u00f3n, con la \u00faltima parte que tiene que ver con la parquizaci\u00f3n exterior y la p\u00e9rgola artesana\u201d, concluy\u00f3 Romero.<\/div>\n","protected":false},"excerpt":{"rendered":"<p>\u201cEstar\u00e1 destinada a los pibes y pibas que deseen estudiar acorde\u00f3n, no solamente en la Fundaci\u00f3n de Arte de la Fundaci\u00f3n Huoqo de Puerto Tirol, sino en todo el Chaco\u201d, adelant\u00f3 el titular del Instituto de Cultura del Chaco. El presidente del Instituto de Cultura del Chaco, Francisco Romero y el ministro de Cultura de [&hellip;]<\/p>\n","protected":false},"author":1,"featured_media":24802,"comment_status":"closed","ping_status":"closed","sticky":false,"template":"","format":"standard","meta":{"footnotes":""},"categories":[6],"tags":[],"class_list":{"0":"post-24801","1":"post","2":"type-post","3":"status-publish","4":"format-standard","5":"has-post-thumbnail","7":"category-chaco"},"_links":{"self":[{"href":"https:\/\/chacosintesis.com.ar\/index.php\/wp-json\/wp\/v2\/posts\/24801","targetHints":{"allow":["GET"]}}],"collection":[{"href":"https:\/\/chacosintesis.com.ar\/index.php\/wp-json\/wp\/v2\/posts"}],"about":[{"href":"https:\/\/chacosintesis.com.ar\/index.php\/wp-json\/wp\/v2\/types\/post"}],"author":[{"embeddable":true,"href":"https:\/\/chacosintesis.com.ar\/index.php\/wp-json\/wp\/v2\/users\/1"}],"replies":[{"embeddable":true,"href":"https:\/\/chacosintesis.com.ar\/index.php\/wp-json\/wp\/v2\/comments?post=24801"}],"version-history":[{"count":0,"href":"https:\/\/chacosintesis.com.ar\/index.php\/wp-json\/wp\/v2\/posts\/24801\/revisions"}],"wp:featuredmedia":[{"embeddable":true,"href":"https:\/\/chacosintesis.com.ar\/index.php\/wp-json\/wp\/v2\/media\/24802"}],"wp:attachment":[{"href":"https:\/\/chacosintesis.com.ar\/index.php\/wp-json\/wp\/v2\/media?parent=24801"}],"wp:term":[{"taxonomy":"category","embeddable":true,"href":"https:\/\/chacosintesis.com.ar\/index.php\/wp-json\/wp\/v2\/categories?post=24801"},{"taxonomy":"post_tag","embeddable":true,"href":"https:\/\/chacosintesis.com.ar\/index.php\/wp-json\/wp\/v2\/tags?post=24801"}],"curies":[{"name":"wp","href":"https:\/\/api.w.org\/{rel}","templated":true}]}}