{"id":24799,"date":"2023-08-02T17:13:00","date_gmt":"2023-08-02T20:13:00","guid":{"rendered":"https:\/\/chacosintesis.com.ar\/?p=24799"},"modified":"2023-08-02T17:36:37","modified_gmt":"2023-08-02T20:36:37","slug":"linea-149-opcion-2-la-red-de-asistencia-gratuita-a-victimas-de-siniestros-viales","status":"publish","type":"post","link":"https:\/\/chacosintesis.com.ar\/index.php\/linea-149-opcion-2-la-red-de-asistencia-gratuita-a-victimas-de-siniestros-viales\/","title":{"rendered":"L\u00ednea 149 Opci\u00f3n 2: La red de asistencia gratuita a v\u00edctimas de siniestros viales"},"content":{"rendered":"<div class=\"postie-post\">\u201cTiende a brindar servicios, tanto en lo jur\u00eddico como en lo que respecta a la asistencia psicol\u00f3gica y social\u201d, explic\u00f3 Juan Basail.<br \/>\nEsta ma\u00f1ana, en conferencia de prensa, el subsecretario de Seguridad Vial, Juan Basail brind\u00f3 detalles de la \u201ccampa\u00f1a de difusi\u00f3n en relaci\u00f3n a la Red Federal de Asistencia a V\u00edctimas y Familiares de v\u00edctimas por siniestro viales\u201d.<br \/>\n\u201cLa misma se sintetiza en la l\u00ednea 149 opci\u00f3n 2, que la provee la Agencia Nacional de Seguridad Vial\u201d, explic\u00f3 Basail. \u201cNosotros la hacemos llegar a todos los chaque\u00f1os y chaque\u00f1as que necesiten, que se encuentren en estado de vulnerabilidad o incertidumbre frente a un siniestro o bien, a aquellos familiares que han perdido una persona, v\u00edctima de un siniestro\u201d, especific\u00f3.<br \/>\nEn este sentido, el subsecretario de Seguridad Vial, destac\u00f3 que \u201cla provincia del Chaco est\u00e1 adherida a la Red Federal que es gratuita y que tiende a brindar servicios, tanto en lo jur\u00eddico como en lo que respecta a la asistencia psicol\u00f3gica y social\u201d. \u201cEs una manera de desburocratizar los tr\u00e1mites ante la obra social o el servicio de salud\u201d, agreg\u00f3.<br \/>\nPara ello, existe un equipo interdisciplinario de profesionales para proveer a las personas de todos las herramientas m\u00e9dicas que se requiera, como as\u00ed tambi\u00e9n guiarlas y contenerlas en tales situaciones\u201d, concluy\u00f3 Basail.<\/div>\n","protected":false},"excerpt":{"rendered":"<p>\u201cTiende a brindar servicios, tanto en lo jur\u00eddico como en lo que respecta a la asistencia psicol\u00f3gica y social\u201d, explic\u00f3 Juan Basail. Esta ma\u00f1ana, en conferencia de prensa, el subsecretario de Seguridad Vial, Juan Basail brind\u00f3 detalles de la \u201ccampa\u00f1a de difusi\u00f3n en relaci\u00f3n a la Red Federal de Asistencia a V\u00edctimas y Familiares de [&hellip;]<\/p>\n","protected":false},"author":1,"featured_media":24800,"comment_status":"closed","ping_status":"closed","sticky":false,"template":"","format":"standard","meta":{"footnotes":""},"categories":[6],"tags":[],"class_list":{"0":"post-24799","1":"post","2":"type-post","3":"status-publish","4":"format-standard","5":"has-post-thumbnail","7":"category-chaco"},"_links":{"self":[{"href":"https:\/\/chacosintesis.com.ar\/index.php\/wp-json\/wp\/v2\/posts\/24799","targetHints":{"allow":["GET"]}}],"collection":[{"href":"https:\/\/chacosintesis.com.ar\/index.php\/wp-json\/wp\/v2\/posts"}],"about":[{"href":"https:\/\/chacosintesis.com.ar\/index.php\/wp-json\/wp\/v2\/types\/post"}],"author":[{"embeddable":true,"href":"https:\/\/chacosintesis.com.ar\/index.php\/wp-json\/wp\/v2\/users\/1"}],"replies":[{"embeddable":true,"href":"https:\/\/chacosintesis.com.ar\/index.php\/wp-json\/wp\/v2\/comments?post=24799"}],"version-history":[{"count":0,"href":"https:\/\/chacosintesis.com.ar\/index.php\/wp-json\/wp\/v2\/posts\/24799\/revisions"}],"wp:featuredmedia":[{"embeddable":true,"href":"https:\/\/chacosintesis.com.ar\/index.php\/wp-json\/wp\/v2\/media\/24800"}],"wp:attachment":[{"href":"https:\/\/chacosintesis.com.ar\/index.php\/wp-json\/wp\/v2\/media?parent=24799"}],"wp:term":[{"taxonomy":"category","embeddable":true,"href":"https:\/\/chacosintesis.com.ar\/index.php\/wp-json\/wp\/v2\/categories?post=24799"},{"taxonomy":"post_tag","embeddable":true,"href":"https:\/\/chacosintesis.com.ar\/index.php\/wp-json\/wp\/v2\/tags?post=24799"}],"curies":[{"name":"wp","href":"https:\/\/api.w.org\/{rel}","templated":true}]}}