{"id":24797,"date":"2023-08-02T17:08:44","date_gmt":"2023-08-02T20:08:44","guid":{"rendered":"https:\/\/chacosintesis.com.ar\/?p=24797"},"modified":"2023-08-02T17:36:37","modified_gmt":"2023-08-02T20:36:37","slug":"de-paoli-aseguro-que-el-combustible-es-uno-de-los-bienes-que-menos-aumento-sus-precios","status":"publish","type":"post","link":"https:\/\/chacosintesis.com.ar\/index.php\/de-paoli-aseguro-que-el-combustible-es-uno-de-los-bienes-que-menos-aumento-sus-precios\/","title":{"rendered":"De Paoli asegur\u00f3 que el combustible \u201ces uno de los bienes que menos aument\u00f3 sus precios\u201d"},"content":{"rendered":"<div class=\"postie-post\">El empresario y referente del mercado de combustibles analiz\u00f3 la situaci\u00f3n sobre el valor de la nafta a pocas horas de conocerse los incrementos encabezados por la estaci\u00f3n YPF.<br \/>\nEl referente del mercado de combustibles en la provincia, Miguel De Paoli, se refiri\u00f3 al nuevo aumento de los combustibles que se dio este mi\u00e9rcoles luego de una actualizaci\u00f3n en las pizarras de la empresa YPF, algo que se viene repitiendo mensualmente aunque con una variaci\u00f3n en la fecha.<br \/>\nEn comunicaci\u00f3n con Radio Provincia, De Paoli se refiri\u00f3 al cambio de fecha en la actualizaci\u00f3n de precios, algo que generalmente se estipulaba para la mitad de mes, sin embargo, ahora entiende que desde julio \u201cse volvi\u00f3 a lo habitual, que es que con un nuevo mes se comienza con nuevos precios\u201d.<br \/>\nEn ese sentido, el referente profundiz\u00f3 que \u201cel combustible es uno de los bienes que menos ha incrementado sus precios al p\u00fablico en los \u00faltimos 6 meses, y esto est\u00e1 marcando la pauta de la inflaci\u00f3n general. Hoy nos damos cuenta que los precios de bienes de la econom\u00eda suben por m\u00e1s que los precios de los combustibles, que en los \u00faltimos dos a\u00f1os tienen un ancla por la quita impositiva\u201d. \u201cLos \u00faltimos seis meses el combustible subi\u00f3 un 27% y tuvimos una inflaci\u00f3n de casi el 60%. Tenemos que agradecer que subi\u00f3 poco\u201d, sostuvo.<br \/>\nAdem\u00e1s, el empresario asegur\u00f3 que hoy el mercado \u201cest\u00e1 fuertemente afectado porque la capacidad de compra es muy distinta, hay una menor venta de combustibles\u201d, aunque explic\u00f3 que esto responde a \u201cuna serie de consideraciones\u201d donde los ingresos personales son destinados cuestiones m\u00e1s prioritarias como \u00fatiles escolares o festividades.<br \/>\nSobre esto, tambi\u00e9n plante\u00f3 que \u201chay un factor importante que tiene que ver con el campo, uno de los mayores consumidores de gasoil\u201d, a quienes asegura \u201cla influencia de la sequ\u00eda les ha disminuido la superficie sembrada, y eso tambi\u00e9n ha morigerado el vol\u00famen de consumo en t\u00e9rminos generales\u201d. \u201cHace 1 a\u00f1o atr\u00e1s ten\u00edamos problemas de abastecimiento, hoy que estamos m\u00e1s tranquilos porque se compra menos\u201d, contrast\u00f3.<br \/>\n\u201cDesde hace 2 a\u00f1os hay una ley para actualizar los importes internos. En seis trimestres se evit\u00f3 actualizar, el a\u00f1o pasado se volvi\u00f3 a congelar hasta noviembre de 2023. Se estima que si se aplica en todas las postergaciones de una sola vez, autom\u00e1ticamente el precio tendr\u00eda que subir, solo por impuestos, un 30% al d\u00eda de hoy. El bolsillo del cliente est\u00e1 fuertemente afectado por este fen\u00f3meno de administraci\u00f3n\u201d, concluy\u00f3.<\/div>\n","protected":false},"excerpt":{"rendered":"<p>El empresario y referente del mercado de combustibles analiz\u00f3 la situaci\u00f3n sobre el valor de la nafta a pocas horas de conocerse los incrementos encabezados por la estaci\u00f3n YPF. El referente del mercado de combustibles en la provincia, Miguel De Paoli, se refiri\u00f3 al nuevo aumento de los combustibles que se dio este mi\u00e9rcoles luego [&hellip;]<\/p>\n","protected":false},"author":1,"featured_media":24798,"comment_status":"closed","ping_status":"closed","sticky":false,"template":"","format":"standard","meta":{"footnotes":""},"categories":[6],"tags":[],"class_list":{"0":"post-24797","1":"post","2":"type-post","3":"status-publish","4":"format-standard","5":"has-post-thumbnail","7":"category-chaco"},"_links":{"self":[{"href":"https:\/\/chacosintesis.com.ar\/index.php\/wp-json\/wp\/v2\/posts\/24797","targetHints":{"allow":["GET"]}}],"collection":[{"href":"https:\/\/chacosintesis.com.ar\/index.php\/wp-json\/wp\/v2\/posts"}],"about":[{"href":"https:\/\/chacosintesis.com.ar\/index.php\/wp-json\/wp\/v2\/types\/post"}],"author":[{"embeddable":true,"href":"https:\/\/chacosintesis.com.ar\/index.php\/wp-json\/wp\/v2\/users\/1"}],"replies":[{"embeddable":true,"href":"https:\/\/chacosintesis.com.ar\/index.php\/wp-json\/wp\/v2\/comments?post=24797"}],"version-history":[{"count":0,"href":"https:\/\/chacosintesis.com.ar\/index.php\/wp-json\/wp\/v2\/posts\/24797\/revisions"}],"wp:featuredmedia":[{"embeddable":true,"href":"https:\/\/chacosintesis.com.ar\/index.php\/wp-json\/wp\/v2\/media\/24798"}],"wp:attachment":[{"href":"https:\/\/chacosintesis.com.ar\/index.php\/wp-json\/wp\/v2\/media?parent=24797"}],"wp:term":[{"taxonomy":"category","embeddable":true,"href":"https:\/\/chacosintesis.com.ar\/index.php\/wp-json\/wp\/v2\/categories?post=24797"},{"taxonomy":"post_tag","embeddable":true,"href":"https:\/\/chacosintesis.com.ar\/index.php\/wp-json\/wp\/v2\/tags?post=24797"}],"curies":[{"name":"wp","href":"https:\/\/api.w.org\/{rel}","templated":true}]}}