{"id":24793,"date":"2023-08-02T17:05:58","date_gmt":"2023-08-02T20:05:58","guid":{"rendered":"https:\/\/chacosintesis.com.ar\/?p=24793"},"modified":"2023-08-02T17:07:40","modified_gmt":"2023-08-02T20:07:40","slug":"queremos-fortalecer-la-perspectiva-emocional-de-las-infancias-dijo-capitanich","status":"publish","type":"post","link":"https:\/\/chacosintesis.com.ar\/index.php\/queremos-fortalecer-la-perspectiva-emocional-de-las-infancias-dijo-capitanich\/","title":{"rendered":"\u201cQueremos fortalecer la perspectiva emocional de las infancias\u201d, dijo Capitanich"},"content":{"rendered":"<div class=\"postie-post\">El Jard\u00edn de Infantes N\u00ba 30 recibi\u00f3 45 kits de libros y material para alfabetizadores. Hasta ahora se entregaron 89.330 ejemplares en el Nivel Inicial.<br \/>\nEl gobernador Jorge Capitanich, junto al ministro de Educaci\u00f3n, Aldo Lineras, compartieron una jornada de lectura en el Jard\u00edn de Infantes N\u00ba 30 Maestra Mar\u00eda Vargas de Honnorat. All\u00ed hicieron entrega de 45 kits de libros del programa \u201cLibros para Aprender\u201d y cinco paquetes de material para alfabetizadores. \u201cQueremos fortalecer la lectura como un recurso indispensable para adquisici\u00f3n de saberes y la interacci\u00f3n con la perspectiva emocional de las ni\u00f1as y ni\u00f1os, para que puedan crear, imaginar, descubrir e identificar emociones\u201d, remarc\u00f3 el mandatario.<br \/>\nEl Jard\u00edn de Infantes N\u00ba 30 tiene una matr\u00edcula de 157 estudiantes, con sala de 2 a 5 a\u00f1os, y \u201ca partir de esta entrega, cada ni\u00f1a y cada ni\u00f1o podr\u00e1 contar con dos libros de literatura\u201d, explic\u00f3 el ministro. \u201cQueremos que puedan tener una entrada a la lectoescritura desde temprano con libros de calidad e historias que los inspiren\u201d, remarc\u00f3 Lineras.<br \/>\nPor su parte Capitanich destac\u00f3 el trabajo de inclusi\u00f3n educativa de las infancias en su gesti\u00f3n. \u201cEstamos trabajando para generar las condiciones para el desarrollo psicomotriz y la estimulaci\u00f3n temprana para garantizar la continuidad en el sistema educativo\u201d, explic\u00f3.<br \/>\nAdem\u00e1s en materia de asistencia alimentaria en Chaco se invierten en $9.000 a $10.000.000.000 para llegar a 250.000 estudiantes a trav\u00e9s del refrigerio y los comedores para garantizar una adecuada nutrici\u00f3n, garantizando el 75% de las calor\u00edas requeridas.<br \/>\nLibros para aprender<br \/>\nEl gobernador adelant\u00f3 que en la provincia se entregar\u00e1n 1.200.000 libros de este programa en los niveles Inicial, Primario y Secundario. En Inicial, 691 establecimientos educativos de Gesti\u00f3n Estatal P\u00fablica, Social, Comunitaria, Biling\u00fce y Privadas de cuota cero, incluyendo las modalidades de Educaci\u00f3n Domiciliaria y Hospitalaria y Especial ser\u00e1n beneficiarios, llegando a 44.665 ni\u00f1as y ni\u00f1os.<br \/>\nEl programa \u201cLibros para Aprender\u201d tiene como ejes fundamentales acompa\u00f1ar la mejora de los procesos de ense\u00f1anza y aprendizaje de cada nivel educativo, considerando el libro como un instrumento indispensable que acompa\u00f1a y ampl\u00eda los contenidos \u00e1ulicos, apoyando al docente en su trabajo diario. A su vez, el ingreso de este material a los hogares, colaborar\u00e1 en la relaci\u00f3n entre escuela y familia, facilitando el seguimiento de las actividades escolares y permitiendo construir lectores cr\u00edticos, que ampl\u00eden sus universos y estimulen su imaginaci\u00f3n.<br \/>\nLa directora de la Regional Educativa X B, Anal\u00eda Flores, junto a la direcci\u00f3n del jard\u00edn, acompa\u00f1aron a los funcionarios en la jornada de lectura.<\/div>\n","protected":false},"excerpt":{"rendered":"<p>El Jard\u00edn de Infantes N\u00ba 30 recibi\u00f3 45 kits de libros y material para alfabetizadores. Hasta ahora se entregaron 89.330 ejemplares en el Nivel Inicial. El gobernador Jorge Capitanich, junto al ministro de Educaci\u00f3n, Aldo Lineras, compartieron una jornada de lectura en el Jard\u00edn de Infantes N\u00ba 30 Maestra Mar\u00eda Vargas de Honnorat. All\u00ed hicieron [&hellip;]<\/p>\n","protected":false},"author":1,"featured_media":24794,"comment_status":"closed","ping_status":"closed","sticky":false,"template":"","format":"standard","meta":{"footnotes":""},"categories":[6],"tags":[],"class_list":{"0":"post-24793","1":"post","2":"type-post","3":"status-publish","4":"format-standard","5":"has-post-thumbnail","7":"category-chaco"},"_links":{"self":[{"href":"https:\/\/chacosintesis.com.ar\/index.php\/wp-json\/wp\/v2\/posts\/24793","targetHints":{"allow":["GET"]}}],"collection":[{"href":"https:\/\/chacosintesis.com.ar\/index.php\/wp-json\/wp\/v2\/posts"}],"about":[{"href":"https:\/\/chacosintesis.com.ar\/index.php\/wp-json\/wp\/v2\/types\/post"}],"author":[{"embeddable":true,"href":"https:\/\/chacosintesis.com.ar\/index.php\/wp-json\/wp\/v2\/users\/1"}],"replies":[{"embeddable":true,"href":"https:\/\/chacosintesis.com.ar\/index.php\/wp-json\/wp\/v2\/comments?post=24793"}],"version-history":[{"count":0,"href":"https:\/\/chacosintesis.com.ar\/index.php\/wp-json\/wp\/v2\/posts\/24793\/revisions"}],"wp:featuredmedia":[{"embeddable":true,"href":"https:\/\/chacosintesis.com.ar\/index.php\/wp-json\/wp\/v2\/media\/24794"}],"wp:attachment":[{"href":"https:\/\/chacosintesis.com.ar\/index.php\/wp-json\/wp\/v2\/media?parent=24793"}],"wp:term":[{"taxonomy":"category","embeddable":true,"href":"https:\/\/chacosintesis.com.ar\/index.php\/wp-json\/wp\/v2\/categories?post=24793"},{"taxonomy":"post_tag","embeddable":true,"href":"https:\/\/chacosintesis.com.ar\/index.php\/wp-json\/wp\/v2\/tags?post=24793"}],"curies":[{"name":"wp","href":"https:\/\/api.w.org\/{rel}","templated":true}]}}