{"id":24789,"date":"2023-08-02T16:57:48","date_gmt":"2023-08-02T19:57:48","guid":{"rendered":"https:\/\/chacosintesis.com.ar\/?p=24789"},"modified":"2023-08-02T17:07:38","modified_gmt":"2023-08-02T20:07:38","slug":"eventos-del-chaco-en-la-agenda-de-cultura-nacion","status":"publish","type":"post","link":"https:\/\/chacosintesis.com.ar\/index.php\/eventos-del-chaco-en-la-agenda-de-cultura-nacion\/","title":{"rendered":"Eventos del Chaco en la agenda de Cultura Naci\u00f3n"},"content":{"rendered":"<div class=\"postie-post\">En el marco de la agenda de trabajo con autoridades nacionales que lleva adelante el Presidente del Instituto de Cultura del Chaco, Francisco Romero, por la tarde del martes 1 de agosto mantuvo reuniones con el secretario de Gesti\u00f3n Cultural del Ministerio de Cultura de la Naci\u00f3n, Federico Prieto; la secretaria de Desarrollo Cultural, Lucrecia Cardoso y el Director del Consejo Federal de Cultura, Gustavo Romero.<br \/>\nEn primera instancia, Prieto se comprometi\u00f3 a visitar la ciudad de Resistencia en el marco del cierre de la Bienal de Teatro del Norte Grande, prevista para agosto de este a\u00f1o, a la que la Secretar\u00eda aportar\u00e1 un espect\u00e1culo de hibridaje de artes esc\u00e9nicas para la puesta en valor de este evento de envergadura nacional. Adem\u00e1s, en consonancia con lo acordado en reuniones anteriores, el ciclo William Shakespeare llevado a cabo por el Complejo Cultural Guido tambi\u00e9n recibir\u00e1 el aporte de la Secretar\u00eda hacia el final de su agenda, previsto para el mes de septiembre.<br \/>\nPor otra parte, con Lucrecia Cardozo se procedi\u00f3 a hacer el balance de resultados de Chaco Futura, realizado del 6 al 8 de julio en Resistencia, y adem\u00e1s se analiz\u00f3 junto a Gustavo Romero el actual estado del proyecto de la Usina Cultural del Chaco, proyecto financiado por CAF, que tendr\u00e1 un alt\u00edsimo impacto en lo que respecta a las industrias culturales. En ese espacio estar\u00e1 desde el Museo de Ciencias Naturales, en el espacio contiguo al Complejo Cultural La Estaci\u00f3n, como as\u00ed tambi\u00e9n una usina de industrias culturales donde funcionar\u00e1 un laboratorio- incubadora de industrias culturales. En cuanto a esto \u00faltimo, se acord\u00f3 trabajar en el dise\u00f1o para una pr\u00f3xima presentaci\u00f3n en Chaco en funci\u00f3n del MICA federal realizado en los primeros d\u00edas de junio de este a\u00f1o. El proyecto actualmente tiene la calificaci\u00f3n de prioritario para Cultura Naci\u00f3n, lo que implica un enorme logro de las gestiones que viene llevando a cabo el Instituto de Cultura del Chaco y que terminar\u00e1 de definirse en la pr\u00f3xima visita de Cardoso, a finales de agosto de este a\u00f1o.<br \/>\nFinalmente, a modo de presente por el 1 de agosto, el titular de la cartera de Cultura de la provincia les entreg\u00f3 a las autoridades nacionales sendas botellas de ca\u00f1a con ruda elaborada por el personal del Museo del Hombre Chaque\u00f1o, como parte del ritual tradicional de nuestra regi\u00f3n.<\/div>\n","protected":false},"excerpt":{"rendered":"<p>En el marco de la agenda de trabajo con autoridades nacionales que lleva adelante el Presidente del Instituto de Cultura del Chaco, Francisco Romero, por la tarde del martes 1 de agosto mantuvo reuniones con el secretario de Gesti\u00f3n Cultural del Ministerio de Cultura de la Naci\u00f3n, Federico Prieto; la secretaria de Desarrollo Cultural, Lucrecia [&hellip;]<\/p>\n","protected":false},"author":1,"featured_media":24790,"comment_status":"closed","ping_status":"closed","sticky":false,"template":"","format":"standard","meta":{"footnotes":""},"categories":[6],"tags":[],"class_list":{"0":"post-24789","1":"post","2":"type-post","3":"status-publish","4":"format-standard","5":"has-post-thumbnail","7":"category-chaco"},"_links":{"self":[{"href":"https:\/\/chacosintesis.com.ar\/index.php\/wp-json\/wp\/v2\/posts\/24789","targetHints":{"allow":["GET"]}}],"collection":[{"href":"https:\/\/chacosintesis.com.ar\/index.php\/wp-json\/wp\/v2\/posts"}],"about":[{"href":"https:\/\/chacosintesis.com.ar\/index.php\/wp-json\/wp\/v2\/types\/post"}],"author":[{"embeddable":true,"href":"https:\/\/chacosintesis.com.ar\/index.php\/wp-json\/wp\/v2\/users\/1"}],"replies":[{"embeddable":true,"href":"https:\/\/chacosintesis.com.ar\/index.php\/wp-json\/wp\/v2\/comments?post=24789"}],"version-history":[{"count":0,"href":"https:\/\/chacosintesis.com.ar\/index.php\/wp-json\/wp\/v2\/posts\/24789\/revisions"}],"wp:featuredmedia":[{"embeddable":true,"href":"https:\/\/chacosintesis.com.ar\/index.php\/wp-json\/wp\/v2\/media\/24790"}],"wp:attachment":[{"href":"https:\/\/chacosintesis.com.ar\/index.php\/wp-json\/wp\/v2\/media?parent=24789"}],"wp:term":[{"taxonomy":"category","embeddable":true,"href":"https:\/\/chacosintesis.com.ar\/index.php\/wp-json\/wp\/v2\/categories?post=24789"},{"taxonomy":"post_tag","embeddable":true,"href":"https:\/\/chacosintesis.com.ar\/index.php\/wp-json\/wp\/v2\/tags?post=24789"}],"curies":[{"name":"wp","href":"https:\/\/api.w.org\/{rel}","templated":true}]}}