{"id":24764,"date":"2023-08-02T15:53:44","date_gmt":"2023-08-02T18:53:44","guid":{"rendered":"https:\/\/chacosintesis.com.ar\/?p=24764"},"modified":"2023-08-02T16:06:51","modified_gmt":"2023-08-02T19:06:51","slug":"saenz-pena-sera-sede-del-seminario-internacional-del-algodon","status":"publish","type":"post","link":"https:\/\/chacosintesis.com.ar\/index.php\/saenz-pena-sera-sede-del-seminario-internacional-del-algodon\/","title":{"rendered":"S\u00e1enz Pe\u00f1a ser\u00e1 sede del seminario internacional del algod\u00f3n"},"content":{"rendered":"<div class=\"postie-post\">Con la participaci\u00f3n de destacados expositores argentinos y de otros pa\u00edses l\u00edderes en el sector, ser\u00e1 la antesala a la 13\u00b0 edici\u00f3n de la Fiesta Nacional del Algod\u00f3n, prevista para el 4, 5 y 6 de agosto.<br \/>\nEl Ministerio de Producci\u00f3n, Industria y Empleo realizar\u00e1 este jueves el Seminario Internacional del Algod\u00f3n denominado \u201cInnovaci\u00f3n, Calidad y Mercado; 100 a\u00f1os de Algod\u00f3n Chaque\u00f1o\u201d, evento que contar\u00e1 con la participaci\u00f3n de destacados expositores argentinos y de otros pa\u00edses l\u00edderes en el sector. La propuesta, que se da en el marco de la celebraci\u00f3n por el cent\u00e9simo aniversario del Instituto Nacional de Tecnolog\u00eda Agropecuaria (Inta), ser\u00e1 la antesala a la 13\u00b0 edici\u00f3n de la Fiesta Nacional del Algod\u00f3n, prevista para el 4, 5 y 6 de agosto.<br \/>\nEl seminario, que contar\u00e1 con la presencia del ministro Sebasti\u00e1n Lifton y otras autoridades para la apertura, se desarrollar\u00e1 en la Estaci\u00f3n Experimental Agropecuaria del Inta en S\u00e1enz Pe\u00f1a, ubicada en el kil\u00f3metro 1108 de la ruta 95. La jornada se llevar\u00e1 adelante mediante dos paneles: uno denominado Innovaci\u00f3n Tecnol\u00f3gica y Calidad (por la ma\u00f1ana) y otro, Comercializaci\u00f3n y Vinculaci\u00f3n Mercosur, por la tarde.<br \/>\nEl primer bloque tendr\u00e1 como relevantes las exposiciones de Mauricio Tcach (Argentina), Marcelo Paytas (Argentina), Keerthi Rathore (Estados Unidos) y Jean-Louis Belot (Brasil). En lo que refiere al segundo de los paneles, las disertaciones estar\u00e1n a cargo de Jarral Neeper (Estados Unidos), Marco Aurelio Caballero Bosch (Paraguay), Marcio Portocarrero (Brasil) y Pablo Yaccarino (Argentina). El evento, que se da en el marco de la celebraci\u00f3n por el cent\u00e9simo aniversario del Instituto Nacional de Tecnolog\u00eda Agropecuaria (Inta), est\u00e1 dirigido a productores,  t\u00e9cnicos, profesionales y alumnos vinculados al algod\u00f3n.<\/div>\n","protected":false},"excerpt":{"rendered":"<p>Con la participaci\u00f3n de destacados expositores argentinos y de otros pa\u00edses l\u00edderes en el sector, ser\u00e1 la antesala a la 13\u00b0 edici\u00f3n de la Fiesta Nacional del Algod\u00f3n, prevista para el 4, 5 y 6 de agosto. El Ministerio de Producci\u00f3n, Industria y Empleo realizar\u00e1 este jueves el Seminario Internacional del Algod\u00f3n denominado \u201cInnovaci\u00f3n, Calidad [&hellip;]<\/p>\n","protected":false},"author":1,"featured_media":24765,"comment_status":"closed","ping_status":"closed","sticky":false,"template":"","format":"standard","meta":{"footnotes":""},"categories":[6],"tags":[],"class_list":{"0":"post-24764","1":"post","2":"type-post","3":"status-publish","4":"format-standard","5":"has-post-thumbnail","7":"category-chaco"},"_links":{"self":[{"href":"https:\/\/chacosintesis.com.ar\/index.php\/wp-json\/wp\/v2\/posts\/24764","targetHints":{"allow":["GET"]}}],"collection":[{"href":"https:\/\/chacosintesis.com.ar\/index.php\/wp-json\/wp\/v2\/posts"}],"about":[{"href":"https:\/\/chacosintesis.com.ar\/index.php\/wp-json\/wp\/v2\/types\/post"}],"author":[{"embeddable":true,"href":"https:\/\/chacosintesis.com.ar\/index.php\/wp-json\/wp\/v2\/users\/1"}],"replies":[{"embeddable":true,"href":"https:\/\/chacosintesis.com.ar\/index.php\/wp-json\/wp\/v2\/comments?post=24764"}],"version-history":[{"count":0,"href":"https:\/\/chacosintesis.com.ar\/index.php\/wp-json\/wp\/v2\/posts\/24764\/revisions"}],"wp:featuredmedia":[{"embeddable":true,"href":"https:\/\/chacosintesis.com.ar\/index.php\/wp-json\/wp\/v2\/media\/24765"}],"wp:attachment":[{"href":"https:\/\/chacosintesis.com.ar\/index.php\/wp-json\/wp\/v2\/media?parent=24764"}],"wp:term":[{"taxonomy":"category","embeddable":true,"href":"https:\/\/chacosintesis.com.ar\/index.php\/wp-json\/wp\/v2\/categories?post=24764"},{"taxonomy":"post_tag","embeddable":true,"href":"https:\/\/chacosintesis.com.ar\/index.php\/wp-json\/wp\/v2\/tags?post=24764"}],"curies":[{"name":"wp","href":"https:\/\/api.w.org\/{rel}","templated":true}]}}