{"id":24756,"date":"2023-08-02T15:43:46","date_gmt":"2023-08-02T18:43:46","guid":{"rendered":"https:\/\/chacosintesis.com.ar\/?p=24756"},"modified":"2023-08-02T16:06:48","modified_gmt":"2023-08-02T19:06:48","slug":"chapo-el-gobierno-provincial-no-permitira-ningun-acto-de-provocacion-o-violencia-en-el-marco-de-esta-causa","status":"publish","type":"post","link":"https:\/\/chacosintesis.com.ar\/index.php\/chapo-el-gobierno-provincial-no-permitira-ningun-acto-de-provocacion-o-violencia-en-el-marco-de-esta-causa\/","title":{"rendered":"Chapo: \u201cEl Gobierno Provincial no permitir\u00e1 ning\u00fan acto de provocaci\u00f3n o violencia en el marco de esta causa\u201d"},"content":{"rendered":"<div class=\"postie-post\">El vocero oficial  Juan Manuel Chapo brind\u00f3 detalles del operativo de seguridad implementado frente a la Fiscal\u00eda ante la realizaci\u00f3n de las audiencias de oposici\u00f3n previstas para hoy en el marco de la causa de Cecilia Strzyzowsky. M\u00e1s de 400 agentes y vallas de seguridad fueron instaladas hasta que terminaron las audiencias. La abogada de la Secretar\u00eda de Derechos Humanos y G\u00e9neros, Nahir Barud, confirm\u00f3 la modificaci\u00f3n en la agenda de las audiencias. Y dijo que el pedido de nulidad que plantea la defensa de C\u00e9sar Sena y Marcela Acu\u00f1a \u201ccarece de fundamento\u201d.<br \/>\nEl vocero oficial del gobierno, Juan Manuel Chapo en su habitual conferencia de prensa confirm\u00f3 este mi\u00e9rcoles que la Polic\u00eda de la Provincia del Chaco ha destinado aproximadamente 400 efectivos de diferentes divisiones para establecer un operativo de seguridad en inmediaciones de la Fiscal\u00eda. El operativo de seguridad y vallas de contenci\u00f3n empezaron a ser instaladas ayer a las 20 en el marco de las audiencias de oposici\u00f3n &#8211; previstas para hoy &#8211; planteadas por las defensas de Emerenciano Sena y Marcela Acu\u00f1a, ambos imputados como coautores del asesinato de Cecilia Strzyzowski.<br \/>\nChapo se\u00f1al\u00f3 que  esto se debe a la solicitud del equipo fiscal encargado del caso Cecilia. Desde ayer a las 20 horas, la cuadra ubicada en la ma\u00f1ana 9 de julio al 200 permanece vallada y as\u00ed continuar\u00e1 hasta el viernes, cuando finalicen las audiencias.<br \/>\nEl funcionario dijo que el objetivo principal es garantizar la seguridad de los ciudadanos que transitan por la zona y necesitan acudir a la Fiscal\u00eda durante estos d\u00edas. Adem\u00e1s, se busca evitar cualquier provocaci\u00f3n o acto de violencia relacionado con el caso. \u201cEl Estado Provincial y el Gobierno Provincial no permitir\u00e1n ning\u00fan tipo de acto de provocaci\u00f3n o violencia en el marco de esta causa\u201d, dijo Chapo.<br \/>\nEl ministro de Gobierno y vocero oficial volvi\u00f3 a remarcar que la absoluta tranquilidad y \u201cla paz estar\u00e1n garantizadas\u201d hasta el viernes. En tanto que el tramo de la ma\u00f1ana 9 de julio al 200 permanecer\u00e1 cerrado y vallado durante este per\u00edodo, asegurando la seguridad de todos los ciudadanos.<br \/>\n Barud: \u201cNo se viol\u00f3 ning\u00fan principio de autoincriminaci\u00f3n y este planteo carece de fundamento\u201d<br \/>\nPor su parte Nahir Barud, abogada de la Secretar\u00eda de Derechos Humanos y G\u00e9neros de la Provincia del Chaco, que forma parte de la parte querellante  brind\u00f3 nuevos detalles sobre el desarrollo de la causa.<br \/>\nBarud explic\u00f3 que se realiz\u00f3 una modificaci\u00f3n en la agenda de las audiencias, y ahora se llevar\u00e1n a cabo no solo los d\u00edas 2 y 3, sino tambi\u00e9n el d\u00eda 4 de agosto. En la audiencia de hoy, a las 9 de la ma\u00f1ana, la Secretar\u00eda de Derechos Humanos y G\u00e9neros y Diversidad responder\u00e1 consultas relacionadas con el caso.<br \/>\n\u201cLa modificaci\u00f3n en la agenda se debe a que las audiencias del 2 y 3 de agosto se tratar\u00e1n sobre la nulidad planteada por el defensor de C\u00e9sar Sena y la defensora de Marcela Acu\u00f1a en relaci\u00f3n a sus declaraciones testimoniales del 8 de junio. Ambas defensas presentaron este reclamo el 17 de julio, argumentando que se viol\u00f3 el principio de no autoincriminaci\u00f3n, el cual establece que ninguna persona imputada puede declarar en su contra\u201d, dijo la abogada.<br \/>\nEn este sentido, Barud remarc\u00f3 que la postura de la querella de la Secretar\u00eda de Derechos Humanos y G\u00e9neros es que este principio no fue vulnerado. Y consider\u00f3  que el planteo carece de fundamento, ya que esas declaraciones no fueron utilizadas como pruebas durante la investigaci\u00f3n ni durante la autoincriminaci\u00f3n preventiva.<br \/>\n\u201cEs importante destacar que este tipo de audiencias y planteos son habituales en el trabajo de las defensas t\u00e9cnicas, es decir, de los abogados que representan a las personas imputadas por delitos. Por lo tanto, es fundamental mantener la calma tanto dentro del recinto del Juzgado de Garant\u00edas como fuera de \u00e9l durante estas jornadas, tanto hoy como jueves y viernes. Adem\u00e1s, se contar\u00e1 con la presencia de efectivos policiales para mantener el orden y la seguridad en el lugar\u201d, dijo la abogada.<br \/>\nSeguridad Vial: Impulso a la L\u00ednea 149<\/p>\n<p>Tambi\u00e9n particip\u00f3 de la conferencia el subsecretario de Seguridad Vial de la Provincia,  Juan Basail quien brind\u00f3 precisiones sobre un nuevo impulso a la L\u00ednea 149, opci\u00f3n 2 que brinda asistencia a v\u00edctimas de siniestros viales de manera gratuita. Este programa tambi\u00e9n ofrece servicios jur\u00eddicos, asistencia psicol\u00f3gica y social, y atenci\u00f3n poshospitalaria.<\/p>\n<p>Agenda del gobernador<br \/>\nChapo adelant\u00f3 detalles de la agenda oficial prevista este mi\u00e9rcoles. El gobernador Capitanich dar\u00e1 comienzo a su jornada en la zona sur de la Ciudad de Resistencia, como es habitual cada semana, con la inauguraci\u00f3n de nuevas viviendas populares. \u201cDurante el mes de julio, se han inaugurado alrededor de 200 viviendas en esta \u00e1rea, adem\u00e1s de las que est\u00e1n programadas para ser inauguradas antes de fin de a\u00f1o\u201d, dijo el vocero.<br \/>\nPosteriormente, Capitanich participar\u00e1 en la inauguraci\u00f3n de un equipo de tomograf\u00eda de \u00faltima tecnolog\u00eda. \u201cEsta inversi\u00f3n privada, junto con el respaldo del nuevo Banco del Chaco, ha permitido una inversi\u00f3n de 1.6 millones de d\u00f3lares para la adquisici\u00f3n de este equipo\u201d, dijo.<br \/>\nEsta instalaci\u00f3n se encuentra en el Instituto de Radiolog\u00eda Resistencia y representa un hito significativo, ya que es el primer y \u00fanico equipo de este tipo en la provincia del Chaco.<br \/>\nAdem\u00e1s, en el barrio Santa In\u00e9s, el gobernador entregar\u00e1 libros escolares para el nivel inicial en el jard\u00edn n\u00famero 30. Esta iniciativa forma parte de un programa nacional que tiene como objetivo entregar, solo en la provincia del Chaco, cerca de 90,000 libros para el nivel inicial, 457.000 libros para el nivel primario y 199.000 libros para el nivel secundario.<br \/>\nComo parte de su agenda,Capitanich tambi\u00e9n se reunir\u00e1 con referentes del sector del turismo y de servicios. Adem\u00e1s, ma\u00f1ana, recibir\u00e1 a los estudiantes que participar\u00e1n en el lanzamiento de los Juegos Evita, que se llevar\u00e1n a cabo en el Jaime Zapata.<\/p><\/div>\n","protected":false},"excerpt":{"rendered":"<p>El vocero oficial Juan Manuel Chapo brind\u00f3 detalles del operativo de seguridad implementado frente a la Fiscal\u00eda ante la realizaci\u00f3n de las audiencias de oposici\u00f3n previstas para hoy en el marco de la causa de Cecilia Strzyzowsky. M\u00e1s de 400 agentes y vallas de seguridad fueron instaladas hasta que terminaron las audiencias. La abogada de [&hellip;]<\/p>\n","protected":false},"author":1,"featured_media":24757,"comment_status":"closed","ping_status":"closed","sticky":false,"template":"","format":"standard","meta":{"footnotes":""},"categories":[6],"tags":[],"class_list":{"0":"post-24756","1":"post","2":"type-post","3":"status-publish","4":"format-standard","5":"has-post-thumbnail","7":"category-chaco"},"_links":{"self":[{"href":"https:\/\/chacosintesis.com.ar\/index.php\/wp-json\/wp\/v2\/posts\/24756","targetHints":{"allow":["GET"]}}],"collection":[{"href":"https:\/\/chacosintesis.com.ar\/index.php\/wp-json\/wp\/v2\/posts"}],"about":[{"href":"https:\/\/chacosintesis.com.ar\/index.php\/wp-json\/wp\/v2\/types\/post"}],"author":[{"embeddable":true,"href":"https:\/\/chacosintesis.com.ar\/index.php\/wp-json\/wp\/v2\/users\/1"}],"replies":[{"embeddable":true,"href":"https:\/\/chacosintesis.com.ar\/index.php\/wp-json\/wp\/v2\/comments?post=24756"}],"version-history":[{"count":0,"href":"https:\/\/chacosintesis.com.ar\/index.php\/wp-json\/wp\/v2\/posts\/24756\/revisions"}],"wp:featuredmedia":[{"embeddable":true,"href":"https:\/\/chacosintesis.com.ar\/index.php\/wp-json\/wp\/v2\/media\/24757"}],"wp:attachment":[{"href":"https:\/\/chacosintesis.com.ar\/index.php\/wp-json\/wp\/v2\/media?parent=24756"}],"wp:term":[{"taxonomy":"category","embeddable":true,"href":"https:\/\/chacosintesis.com.ar\/index.php\/wp-json\/wp\/v2\/categories?post=24756"},{"taxonomy":"post_tag","embeddable":true,"href":"https:\/\/chacosintesis.com.ar\/index.php\/wp-json\/wp\/v2\/tags?post=24756"}],"curies":[{"name":"wp","href":"https:\/\/api.w.org\/{rel}","templated":true}]}}