{"id":24754,"date":"2023-08-02T15:41:20","date_gmt":"2023-08-02T18:41:20","guid":{"rendered":"https:\/\/chacosintesis.com.ar\/?p=24754"},"modified":"2023-08-02T16:06:47","modified_gmt":"2023-08-02T19:06:47","slug":"el-gobernador-establecio-agenda-con-distintos-sectores-sociales-de-saenz-pena","status":"publish","type":"post","link":"https:\/\/chacosintesis.com.ar\/index.php\/el-gobernador-establecio-agenda-con-distintos-sectores-sociales-de-saenz-pena\/","title":{"rendered":"El gobernador estableci\u00f3 agenda con distintos sectores sociales de S\u00e1enz Pe\u00f1a"},"content":{"rendered":"<div class=\"postie-post\">Las reuniones son parte del plan de escucha para generar soluciones a distintos colectivos de la provincia.<br \/>\nEn Presidencia Roque S\u00e1enz Pe\u00f1a, el gobernador Jorge Capitanich mantuvo este martes m\u00faltiples reuniones con representantes de distintos sectores de la ciudad. En primer lugar, se reuni\u00f3 con representantes de la Federaci\u00f3n de las Colectividades Extranjeras, para avanzar en lo que ser\u00e1 la Fiesta de las Colectividades. Luego, visit\u00f3 a jubilados municipales, j\u00f3venes profesionales, y a vecinos y vecinas del barrio Ex Aero Club, as\u00ed como tambi\u00e9n a distintos barrios de comunidades originarias, con quienes conversaron sobre pedidos y diagramaron pol\u00edticas y acciones conjuntas a ejecutar para beneficiar a las comunas.<br \/>\n\u201cDurante cada uno de los encuentros, tanto con referentes de la federaci\u00f3n, vecinas, vecinos de distintos barrios de S\u00e1enz Pe\u00f1a, charlamos sobre las mejoras que necesitan e intercambiamos ideas que podremos aplicar en pol\u00edticas p\u00fablicas que transformen su calidad de vida\u201d, remarc\u00f3 el mandatario, quien estuvo acompa\u00f1ado por el ministro de Planificaci\u00f3n, Econom\u00eda e Infraestructura, Santiago P\u00e9rez Pons y la concejala Luisina Lita.<br \/>\nEn este sentido, Capitanich remarc\u00f3 que estas reuniones se enmarcan en una agenda de proximidad y cercan\u00eda con las comunas, las cuales \u201cnos permiten diagramar un plan de desarrollo para avanzar en m\u00e1s infraestructura, m\u00e1s servicios y m\u00e1s oportunidades para todas y todos\u201d.<br \/>\nReuni\u00f3n con colectividades<br \/>\nEn la primera reuni\u00f3n de Capitanich con referentes de la Federaci\u00f3n de las Colectividades Extranjeras, los integrantes de la entidad le agradecieron la refacci\u00f3n ejecutada en la sede de la instituci\u00f3n, para que siga creciendo y desarroll\u00e1ndose en un espacio con infraestructura de calidad y conversaron sobre lo que ser\u00e1 la Fiesta de las Colectividades que se realizar\u00e1 los d\u00edas 12, 13, 14 y 15 de octubre en Presidencia Roque S\u00e1enz Pe\u00f1a.<br \/>\nLa federaci\u00f3n actualmente cuenta con 15 colectividades afiliadas y trabajan para alcanzar las 20. Actualmente est\u00e1n afiliadas colectividades de Quitilipi, Juan Jos\u00e9 Castelli y est\u00e1 en proceso de sumarse la colectividad h\u00fangara de Villa \u00c1ngela.<br \/>\nDe este encuentro participaron el presidente de la Federaci\u00f3n Roberto Bubenik y representantes de las colectividades italiana, alemana, checa, b\u00falgara, yugoslava, polaca, gitana, paraguaya, espa\u00f1ola, ucraniana, \u00e1rabe y sirio-libanesa.<br \/>\nA su turno, una integrante de la Comisi\u00f3n de la Federaci\u00f3n de Colectividades, vicepresidenta de la colectividad suizo-alemana e integrante de la Confederaci\u00f3n Argentina de Colectividades, Elena Infeld, agradeci\u00f3 al gobernador la refacci\u00f3n en la Federaci\u00f3n, porque \u201ces un lugar importante de trabajo para nosotros, donde mantenemos nuestras ra\u00edces, identidad, nuestras culturas y el acompa\u00f1amiento de la provincia es fundamental\u201d.<br \/>\nEn segundo lugar, Capitanich se reuni\u00f3 con vecinas y vecinos de diferentes comunidades. En un encuentro con cerca de 40 vecinas y vecinos del barrio Ex Aero Club, trabajaron sobre distintos puntos, entre ellos la finalizaci\u00f3n de obras en la Iglesia \u201cTiempo de Vida\u201d, alumbrado p\u00fablico, seguridad, requerimiento de materiales, entre otros puntos. Este barrio, adem\u00e1s de las m\u00faltiples obras ejecutadas, cuenta con m\u00e1s de 1100 conexiones de agua potable.<br \/>\nPor \u00faltimo, el gobernador se reuni\u00f3 con vecinas y vecinos de comunidades originarias de los barrios Nal\u00e1, Toba, Santa M\u00f3nica, Hip\u00f3lito Yrigoyen, Qta 14 e Isla Soledad, con quienes trabajaron sobre una serie de propuestas y solicitudes, entre ellas obras de iluminaci\u00f3n, infraestructura como la construcci\u00f3n de un Centro Cultural, cancha, sal\u00f3n de usos m\u00faltiples y una Iglesia Pentecostal.<br \/>\nTras las reuniones, el ministro Perez Pons, se refiri\u00f3 a la necesidad de poner en funcionamiento los dispositivos provinciales en S\u00e1enz Pe\u00f1a, para mejorar la calidad de vida de los y las vecinas: \u201cQueremos seguir acompa\u00f1ando a la transformaci\u00f3n de nuestra provincia, escuchando a las y los chaque\u00f1os y trabajando en la culminaci\u00f3n de cada proyecto\u201d.<br \/>\nSiguiendo su agenda por la localidad, Capitanich tambi\u00e9n se reuni\u00f3 con jubilados municipales de la localidad, con quienes avanz\u00f3 en distintas cuestiones, como fueron principalmente asuntos de seguridad, mejorar la atenci\u00f3n en los hospitales p\u00fablicos y aumentos para trabajadores de mayor trayectoria en el Municipio.<br \/>\nEn este contexto, el presidente del Centro de Jubilados Municipales, Ricardo Montenegro, agradeci\u00f3 la visita del mandatario y remarc\u00f3 que \u201cpara nosotros es una alegr\u00eda inmensa que le podamos decir nuestras necesidades al gobernador y al ministro. Me parece una medida muy buena este acercamiento que tiene con la gente, porque que pueda escuchar de primera mano siempre es lo mejor\u201d.<br \/>\nSeguidamente, en las instalaciones del hotel Gualok de S\u00e1enz Pe\u00f1a, el jefe del Ejecutivo mantuvo una reuni\u00f3n con j\u00f3venes profesionales de la comuna, con el objetivo de profundizar estrategias de impulso y desarrollo para su desenvolvimiento laboral, as\u00ed como tambi\u00e9n para la generaci\u00f3n de empleo joven.<br \/>\nAgradecimiento de vecinas y vecinos<br \/>\nMart\u00edn Tevez, uno de los vecinos del barrio Ex Aero Club, agradeci\u00f3 la visita del Capitanich y destac\u00f3 las pol\u00edticas p\u00fablicas impulsadas por el Gobierno para el barrio: \u201cGracias a sus gestiones en el barrio contamos con ripio, veredas, iluminaci\u00f3n, agua potable, que gracias al acueducto tenemos agua las 24 horas. Somos bendecidos\u201d. Luego, se\u00f1al\u00f3 que, con las obras solicitadas, \u201cseguiremos mejorando la calidad de vida de las vecinas y vecinos\u201d, dijo Tevez.<br \/>\nA su turno, uno de los vecinos de la comunidad toba, Miguel G\u00f3mez, agradeci\u00f3 la visita del gobernador y destac\u00f3 el acompa\u00f1amiento a las comunidades originarias de la provincia: \u201cEstamos muy contentos con su visita, y agradecemos la predisposici\u00f3n para escuchar nuestras inquietudes\u201d.<\/div>\n","protected":false},"excerpt":{"rendered":"<p>Las reuniones son parte del plan de escucha para generar soluciones a distintos colectivos de la provincia. En Presidencia Roque S\u00e1enz Pe\u00f1a, el gobernador Jorge Capitanich mantuvo este martes m\u00faltiples reuniones con representantes de distintos sectores de la ciudad. En primer lugar, se reuni\u00f3 con representantes de la Federaci\u00f3n de las Colectividades Extranjeras, para avanzar [&hellip;]<\/p>\n","protected":false},"author":1,"featured_media":24755,"comment_status":"closed","ping_status":"closed","sticky":false,"template":"","format":"standard","meta":{"footnotes":""},"categories":[6],"tags":[],"class_list":{"0":"post-24754","1":"post","2":"type-post","3":"status-publish","4":"format-standard","5":"has-post-thumbnail","7":"category-chaco"},"_links":{"self":[{"href":"https:\/\/chacosintesis.com.ar\/index.php\/wp-json\/wp\/v2\/posts\/24754","targetHints":{"allow":["GET"]}}],"collection":[{"href":"https:\/\/chacosintesis.com.ar\/index.php\/wp-json\/wp\/v2\/posts"}],"about":[{"href":"https:\/\/chacosintesis.com.ar\/index.php\/wp-json\/wp\/v2\/types\/post"}],"author":[{"embeddable":true,"href":"https:\/\/chacosintesis.com.ar\/index.php\/wp-json\/wp\/v2\/users\/1"}],"replies":[{"embeddable":true,"href":"https:\/\/chacosintesis.com.ar\/index.php\/wp-json\/wp\/v2\/comments?post=24754"}],"version-history":[{"count":0,"href":"https:\/\/chacosintesis.com.ar\/index.php\/wp-json\/wp\/v2\/posts\/24754\/revisions"}],"wp:featuredmedia":[{"embeddable":true,"href":"https:\/\/chacosintesis.com.ar\/index.php\/wp-json\/wp\/v2\/media\/24755"}],"wp:attachment":[{"href":"https:\/\/chacosintesis.com.ar\/index.php\/wp-json\/wp\/v2\/media?parent=24754"}],"wp:term":[{"taxonomy":"category","embeddable":true,"href":"https:\/\/chacosintesis.com.ar\/index.php\/wp-json\/wp\/v2\/categories?post=24754"},{"taxonomy":"post_tag","embeddable":true,"href":"https:\/\/chacosintesis.com.ar\/index.php\/wp-json\/wp\/v2\/tags?post=24754"}],"curies":[{"name":"wp","href":"https:\/\/api.w.org\/{rel}","templated":true}]}}