{"id":24744,"date":"2023-08-02T12:23:43","date_gmt":"2023-08-02T15:23:43","guid":{"rendered":"https:\/\/chacosintesis.com.ar\/?p=24744"},"modified":"2023-08-02T12:24:46","modified_gmt":"2023-08-02T15:24:46","slug":"saenz-pena-secuestraron-un-auto-mellizo","status":"publish","type":"post","link":"https:\/\/chacosintesis.com.ar\/index.php\/saenz-pena-secuestraron-un-auto-mellizo\/","title":{"rendered":"S\u00e1enz Pe\u00f1a: Secuestraron un auto \u201cmellizo\u201d"},"content":{"rendered":"<p>La documentaci\u00f3n y la numeraci\u00f3n del motor ten\u00edan caracter\u00edsticas similares a las de otro veh\u00edculo.<\/p>\n<p>En un operativo conjunto entre la Comisar\u00eda Primera S\u00e1enz Pe\u00f1a y la Divisi\u00f3n de Investigaciones, secuestraron un Volkswagen Gol Trend, debido a que la numeraci\u00f3n del veh\u00edculo presentaba irregularidades y determinaron que era ap\u00f3crifa.<\/p>\n<p>Tras dar intervenci\u00f3n a la Divisi\u00f3n Planta Verificadora, detectaron que el rodado pose\u00eda el n\u00famero de motor, de chasis y la documentaci\u00f3n de otro veh\u00edculo de similares caracter\u00edsticas.<\/p>\n<p>Ante esta situaci\u00f3n, el fiscal de turno, dispuso el secuestro del autom\u00f3vil, la identificaci\u00f3n del conductor y el inicio de las actuaciones correspondientes.<\/p>\n","protected":false},"excerpt":{"rendered":"<p>La documentaci\u00f3n y la numeraci\u00f3n del motor ten\u00edan caracter\u00edsticas similares a las de otro veh\u00edculo. En un operativo conjunto entre la Comisar\u00eda Primera S\u00e1enz Pe\u00f1a y la Divisi\u00f3n de Investigaciones, secuestraron un Volkswagen Gol Trend, debido a que la numeraci\u00f3n del veh\u00edculo presentaba irregularidades y determinaron que era ap\u00f3crifa. Tras dar intervenci\u00f3n a la Divisi\u00f3n [&hellip;]<\/p>\n","protected":false},"author":1,"featured_media":24745,"comment_status":"closed","ping_status":"closed","sticky":false,"template":"","format":"standard","meta":{"footnotes":""},"categories":[6],"tags":[],"class_list":{"0":"post-24744","1":"post","2":"type-post","3":"status-publish","4":"format-standard","5":"has-post-thumbnail","7":"category-chaco"},"_links":{"self":[{"href":"https:\/\/chacosintesis.com.ar\/index.php\/wp-json\/wp\/v2\/posts\/24744","targetHints":{"allow":["GET"]}}],"collection":[{"href":"https:\/\/chacosintesis.com.ar\/index.php\/wp-json\/wp\/v2\/posts"}],"about":[{"href":"https:\/\/chacosintesis.com.ar\/index.php\/wp-json\/wp\/v2\/types\/post"}],"author":[{"embeddable":true,"href":"https:\/\/chacosintesis.com.ar\/index.php\/wp-json\/wp\/v2\/users\/1"}],"replies":[{"embeddable":true,"href":"https:\/\/chacosintesis.com.ar\/index.php\/wp-json\/wp\/v2\/comments?post=24744"}],"version-history":[{"count":0,"href":"https:\/\/chacosintesis.com.ar\/index.php\/wp-json\/wp\/v2\/posts\/24744\/revisions"}],"wp:featuredmedia":[{"embeddable":true,"href":"https:\/\/chacosintesis.com.ar\/index.php\/wp-json\/wp\/v2\/media\/24745"}],"wp:attachment":[{"href":"https:\/\/chacosintesis.com.ar\/index.php\/wp-json\/wp\/v2\/media?parent=24744"}],"wp:term":[{"taxonomy":"category","embeddable":true,"href":"https:\/\/chacosintesis.com.ar\/index.php\/wp-json\/wp\/v2\/categories?post=24744"},{"taxonomy":"post_tag","embeddable":true,"href":"https:\/\/chacosintesis.com.ar\/index.php\/wp-json\/wp\/v2\/tags?post=24744"}],"curies":[{"name":"wp","href":"https:\/\/api.w.org\/{rel}","templated":true}]}}