{"id":24740,"date":"2023-08-02T10:32:20","date_gmt":"2023-08-02T13:32:20","guid":{"rendered":"https:\/\/chacosintesis.com.ar\/?p=24740"},"modified":"2023-08-02T10:37:54","modified_gmt":"2023-08-02T13:37:54","slug":"sergio-almiron-zdero-en-anses-puso-orden-en-un-organismo-desvastado-por-el-kirchnerismo","status":"publish","type":"post","link":"https:\/\/chacosintesis.com.ar\/index.php\/sergio-almiron-zdero-en-anses-puso-orden-en-un-organismo-desvastado-por-el-kirchnerismo\/","title":{"rendered":"Sergio Almir\u00f3n: &#8220;Zdero en Anses puso orden, en un organismo desvastado por el kirchnerismo&#8221;"},"content":{"rendered":"<p>Nos causa malestar las acusaciones lanzadas por el Diputado Nacional ALDO LEIVA contra nuestro candidato a Gobernador LEANDRO ZDERO, basadas en cr\u00edticas sin fundamento y con una clara intencionalidad maliciosa de hacernos creer cosas que no han sucedido.<br \/>\nTuvo LEANDRO la dif\u00edcil misi\u00f3n de hacerse cargo de la Jefatura Regional Nordeste de ANSES luego de doce a\u00f1os de kirchnerismo; un ente nacional que estaba al servicio del clientelismo pol\u00edtico m\u00e1s que para su verdadero objetivo: atender y resolver las necesidades de los beneficiarios del sistema de protecci\u00f3n social del Estado.<br \/>\nFue una caracter\u00edstica de la gesti\u00f3n de gobierno de CAMBIEMOS la de llevar la presencia del Estado en cercan\u00eda de la gente. El ejemplo fue el exitoso programa de operativos del ESTADO EN TU BARRIO   que recorri\u00f3 cada ciudad y regi\u00f3n del Chaco sin distinci\u00f3n de bander\u00eda pol\u00edtica alguna. En espacios p\u00fablicos y en coordinaci\u00f3n con los Municipios, sin importar que sean peronistas o radicales. Llevando la soluci\u00f3n a los vecinos de cada pueblo y ciudad y all\u00ed estuvo la ANSES presente y de manera previsible, continua y eficiente.<br \/>\nPudo LEANDRO ZDERO en la gesti\u00f3n apuntalar los programas PROCREAR permitiendo la continuidad de un mecanismo crediticio que posibilit\u00f3 que miles de chaque\u00f1os accedan a su vivienda o a la compra de su terreno para all\u00ed construir su casa. Tambi\u00e9n se avanz\u00f3 en la ampliaci\u00f3n in\u00e9dita de la cobertura del programa PROGRESAR a estudiantes universitarios y de posgrado. Durante nuestra gesti\u00f3n se ampli\u00f3 el universo de beneficiarios del programa de CR\u00c9DITOS ANSES dando as\u00ed respuesta a la necesidad de los titulares de beneficios jubilatorios, de AUH y de las Pensiones No Contributivas.<br \/>\nAcusa livianamente el Diputado LEIVA de que en la gesti\u00f3n en ANSES hemos hecho un \u201csalvaje ajuste\u201d pero nada dice que fue durante la conducci\u00f3n de LEANDRO ZDERO \u2013 en la Regional Nordeste &#8211; que se inici\u00f3 la investigaci\u00f3n, denuncia y prosecuci\u00f3n judicial de los expedientes por las miles de pensiones y beneficios jubilatorios \u201ctruchos\u201d que eran pagados mes a mes por el organismo.<br \/>\nCuando asum\u00ed como Jefe Regional Nordeste de ANSES, por haber sido LEANDRO electo Diputado Provincial, pudimos resolver la baja de m\u00e1s de 3.500 jubilaciones truchas, y llevar a juicio a m\u00e1s de 5.000 ciudadanos imputados por defraudaci\u00f3n al Estado, Esos recursos malgastados eran beneficios irregulares, sin documentaci\u00f3n respaldatoria u otorgados por mecanismos vinculados a alg\u00fan sistema de privilegio por cercan\u00edas al poder. De eso no dice nada el Diputado Nacional ALDO LEIVA, las pruebas y los procesos judiciales en curso demuestran la voluntad de corregir y poner en orden en la ANSES.<br \/>\nTambi\u00e9n pudimos resolver la grave problem\u00e1tica de las estafas en los pagos de asignaciones familiares que cobraban empresarios en nombre de sus trabajadores y nunca se les abonaba. Miles de casos en toda la Regional Nordeste en procesos judiciales y que con intervenci\u00f3n de las \u00e1reas t\u00e9cnicas del organismo se logr\u00f3 liquidar las deudas con los trabajadores y esquematizar un plan de regularizaci\u00f3n. \u00bfD\u00f3nde est\u00e1 el ajuste que se denuncia? Si, ten\u00edamos ese objetivo principal de la gesti\u00f3n poder atender los reclamos y pedidos de los beneficiarios de todo el nordeste.<br \/>\nDesde la gesti\u00f3n de la Regional Nordeste avanzamos en un mecanismo de atenci\u00f3n y de \u201cpisada territorial\u201d que nos permiti\u00f3 llegar a puntos donde el organismo \u2013 si es que iba \u2013 lo hac\u00eda de manera insuficiente y sin previsibilidad. Ejemplo de ello &#8211; y no puede desconocer esta circunstancia el Diputado LEIVA \u2013 es que desde las Oficinas de ANSES de Resistencia y de General San Mart\u00edn, mediante el trabajo del personal del organismo, pudimos atender presencialmente toda la zona de influencia de ese sector de la provincia y sumando en la cobertura de la ANSES los sectores donde habitan comunidades originarias con operativos territoriales espec\u00edficamente dise\u00f1ados para tal fin.<br \/>\nSer Jefe Regional Nordeste de ANSES no es una tarea sencilla, exige dedicaci\u00f3n permanente, esfuerzo, capacidad t\u00e9cnica y compromiso para atender y comprender a los beneficiarios; tambi\u00e9n implica poner el cuerpo para representar al organismo y en recorrer desde Ingeniero Ju\u00e1rez en el extremo oeste de Formosa, hasta Bernardo de Irigoyen en el norte misionero, o desde Monte Caseros al sur de Corrientes hasta El Sauzalito en el Impenetrable Chaque\u00f1o, sin pausas y sin excusas; esa tarea de gesti\u00f3n la realiz\u00f3 LEANDRO ZDERO con toda su energ\u00eda. Ese arduo laburo tambi\u00e9n me toc\u00f3 hacerlo, por eso puedo dar fe de ello, y me permite comprender el trabajo del actual Jefe Regional AGUST\u00cdN ALEMAN y de todo el personal de la ANSES.<br \/>\nEn su gesti\u00f3n ALEMAN tuvo que atravesar lo in\u00e9dito, doloroso y absolutamente ca\u00f3tico de la pandemia del COVID, lo que habr\u00e1 sido toda una experiencia en la gesti\u00f3n administrativa, pero creo sin dudas, que los mecanismos de atenci\u00f3n alternativos, los canales virtuales, los operativos en cercan\u00eda, los aplicativos en los dispositivos m\u00f3viles y todo los avances que implementamos en la gesti\u00f3n de CAMBIEMOS en la ANSES pudieron ayudar a que los beneficiarios tengan respuesta en esos tiempos dif\u00edciles.<br \/>\nHace ya casi cuatro a\u00f1os deje la Jefatura Regional Nordeste de ANSES y nunca hice una cr\u00edtica o una valoraci\u00f3n disvaliosa sobre la actual conducci\u00f3n porque conozco la complejidad de atender ese cargo que conlleva una alta responsabilidad de gesti\u00f3n administrativa, por eso lamento que el actual Jefe Regional ataque a nuestro candidato LEANDRO ZDERO; no podemos en la pol\u00edtica nublarnos por los sesgos ideol\u00f3gicos y lanzar acusaciones, en base a los contextos y realidades que (sean cual sean las veredas pol\u00edticas que transitamos), sabemos que no son ciertas.<br \/>\nSERGIO ALMIRON<br \/>\nJefe Regional Nordeste ANSES (2018\/2019)<br \/>\nUCR Evoluci\u00f3n \u2013 Juntos Por El Cambio<\/p>\n","protected":false},"excerpt":{"rendered":"<p>Nos causa malestar las acusaciones lanzadas por el Diputado Nacional ALDO LEIVA contra nuestro candidato a Gobernador LEANDRO ZDERO, basadas en cr\u00edticas sin fundamento y con una clara intencionalidad maliciosa de hacernos creer cosas que no han sucedido. Tuvo LEANDRO la dif\u00edcil misi\u00f3n de hacerse cargo de la Jefatura Regional Nordeste de ANSES luego de [&hellip;]<\/p>\n","protected":false},"author":1,"featured_media":24741,"comment_status":"closed","ping_status":"closed","sticky":false,"template":"","format":"standard","meta":{"footnotes":""},"categories":[6],"tags":[],"class_list":{"0":"post-24740","1":"post","2":"type-post","3":"status-publish","4":"format-standard","5":"has-post-thumbnail","7":"category-chaco"},"_links":{"self":[{"href":"https:\/\/chacosintesis.com.ar\/index.php\/wp-json\/wp\/v2\/posts\/24740","targetHints":{"allow":["GET"]}}],"collection":[{"href":"https:\/\/chacosintesis.com.ar\/index.php\/wp-json\/wp\/v2\/posts"}],"about":[{"href":"https:\/\/chacosintesis.com.ar\/index.php\/wp-json\/wp\/v2\/types\/post"}],"author":[{"embeddable":true,"href":"https:\/\/chacosintesis.com.ar\/index.php\/wp-json\/wp\/v2\/users\/1"}],"replies":[{"embeddable":true,"href":"https:\/\/chacosintesis.com.ar\/index.php\/wp-json\/wp\/v2\/comments?post=24740"}],"version-history":[{"count":0,"href":"https:\/\/chacosintesis.com.ar\/index.php\/wp-json\/wp\/v2\/posts\/24740\/revisions"}],"wp:featuredmedia":[{"embeddable":true,"href":"https:\/\/chacosintesis.com.ar\/index.php\/wp-json\/wp\/v2\/media\/24741"}],"wp:attachment":[{"href":"https:\/\/chacosintesis.com.ar\/index.php\/wp-json\/wp\/v2\/media?parent=24740"}],"wp:term":[{"taxonomy":"category","embeddable":true,"href":"https:\/\/chacosintesis.com.ar\/index.php\/wp-json\/wp\/v2\/categories?post=24740"},{"taxonomy":"post_tag","embeddable":true,"href":"https:\/\/chacosintesis.com.ar\/index.php\/wp-json\/wp\/v2\/tags?post=24740"}],"curies":[{"name":"wp","href":"https:\/\/api.w.org\/{rel}","templated":true}]}}