{"id":24730,"date":"2023-08-01T23:33:01","date_gmt":"2023-08-02T02:33:01","guid":{"rendered":"https:\/\/chacosintesis.com.ar\/?p=24730"},"modified":"2023-08-01T23:37:07","modified_gmt":"2023-08-02T02:37:07","slug":"presentan-el-manual-clinico-para-la-atencion-integral-ante-situaciones-de-violencia-de-genero","status":"publish","type":"post","link":"https:\/\/chacosintesis.com.ar\/index.php\/presentan-el-manual-clinico-para-la-atencion-integral-ante-situaciones-de-violencia-de-genero\/","title":{"rendered":"Presentan el Manual Cl\u00ednico para la atenci\u00f3n integral ante situaciones de violencia de g\u00e9nero"},"content":{"rendered":"<p>Se trata de un documento que permitir\u00e1 fortalecer el trabajo que vienen realizando los equipos de salud en la prevenci\u00f3n, detecci\u00f3n temprana y atenci\u00f3n integral de situaciones de violencia por motivos de g\u00e9nero.<br \/>\nCon presencia de autoridades de la Organizaci\u00f3n Panamericana de Salud (OPS) y de los Ministerios de Salud P\u00fablica provincial y nacional se present\u00f3 en Chaco el \u201cManual cl\u00ednico: Atenci\u00f3n integral de salud en situaciones de violencia por motivos de g\u00e9nero. Herramientas para equipos de salud\u201d. Se trata de un documento para fortalecer el trabajo que vienen realizando los equipos de salud en la prevenci\u00f3n, detecci\u00f3n temprana y atenci\u00f3n integral de situaciones de violencia por motivos de g\u00e9nero.<br \/>\nLa publicaci\u00f3n fue desarrollada por el Ministerio de Salud de la Naci\u00f3n, a trav\u00e9s de la Coordinaci\u00f3n de la Direcci\u00f3n de G\u00e9neros y Diversidad (DGYD), en conjunto con la Direcci\u00f3n de Salud Perinatal y Ni\u00f1ez (DISAPENI) y la Direcci\u00f3n de Adolescencias y Juventudes (DIAJU).<br \/>\nEn Chaco el Manual fue presentado el jueves en Resistencia y el viernes en Presidencia Roque S\u00e1enz Pe\u00f1a por una comitiva conformada por la representante de la Organizaci\u00f3n Panamericana de la Salud, Cecilia Marzoa, la directora de G\u00e9neros y Diversidad de la cartera sanitaria nacional, Candela Cabrera, la subsecretaria Salud Comunitaria, Entornos Saludables y no Violentos del Ministerio de Salud P\u00fablica provincial, Josefina Bittel, la secretaria de Derechos Humanos y G\u00e9neros del Chaco, Silvana P\u00e9rez, y la directora de Atenci\u00f3n Social en Salud de la Provincia, Leidy Nichiporuk.<\/p>\n<p>Enfoque integral para detecci\u00f3n, prevenci\u00f3n y abordaje de las violencias<\/p>\n<p>El enfoque integral del manual es clave para que los equipos de salud puedan reconocer oportunidades de detecci\u00f3n, prevenci\u00f3n temprana y abordaje de las violencias m\u00e1s all\u00e1 de cu\u00e1l sea el motivo espec\u00edfico de consulta.<br \/>\nLa directora de G\u00e9neros y Diversidad de la cartera sanitaria nacional, Candela Cabrera explic\u00f3 que \u201ces un material de coautor\u00eda entre la OPS y el Ministerio de Salud que nos da la posibilidad de contar c\u00f3mo la Argentina trabaja, cu\u00e1l es su paradigma en derechos humanos, en perspectiva de g\u00e9nero, que es de avanzada tanto en la parte legal como en la atenci\u00f3n integral de las violencias por motivo de g\u00e9nero\u201d.<br \/>\nCabrera coment\u00f3 adem\u00e1s que \u201cfue una tarea muy ardua de dos a\u00f1os en la que trabajaron m\u00e1s de 70 personas entre consultores, consultoras y las distintas direcciones y \u00e1reas que participaron\u201d.<br \/>\nTambi\u00e9n explic\u00f3 que el material se plantea como herramienta de gesti\u00f3n que \u201cgenere valor y fortaleza institucional al rol clave que tiene el sistema de salud\u201d, dado que \u201ces una de las puertas de entrada para la detecci\u00f3n temprana, prevenci\u00f3n y la atenci\u00f3n de violencias extremas\u201d, sintetiz\u00f3 la funcionaria.<br \/>\nCarolina Leiva, psic\u00f3loga del programa de Salud Integral en G\u00e9neros y Diversidades de Naci\u00f3n, coincidi\u00f3 con que \u201ces una gran herramienta de trabajo para diferentes equipos de salas y hospitales. Esto es para todos los agentes de salud, para que quienes lleguen a una guardia reciban una atenci\u00f3n adecuada\u201d.<\/p>\n","protected":false},"excerpt":{"rendered":"<p>Se trata de un documento que permitir\u00e1 fortalecer el trabajo que vienen realizando los equipos de salud en la prevenci\u00f3n, detecci\u00f3n temprana y atenci\u00f3n integral de situaciones de violencia por motivos de g\u00e9nero. Con presencia de autoridades de la Organizaci\u00f3n Panamericana de Salud (OPS) y de los Ministerios de Salud P\u00fablica provincial y nacional se [&hellip;]<\/p>\n","protected":false},"author":1,"featured_media":24731,"comment_status":"closed","ping_status":"closed","sticky":false,"template":"","format":"standard","meta":{"footnotes":""},"categories":[6],"tags":[],"class_list":{"0":"post-24730","1":"post","2":"type-post","3":"status-publish","4":"format-standard","5":"has-post-thumbnail","7":"category-chaco"},"_links":{"self":[{"href":"https:\/\/chacosintesis.com.ar\/index.php\/wp-json\/wp\/v2\/posts\/24730","targetHints":{"allow":["GET"]}}],"collection":[{"href":"https:\/\/chacosintesis.com.ar\/index.php\/wp-json\/wp\/v2\/posts"}],"about":[{"href":"https:\/\/chacosintesis.com.ar\/index.php\/wp-json\/wp\/v2\/types\/post"}],"author":[{"embeddable":true,"href":"https:\/\/chacosintesis.com.ar\/index.php\/wp-json\/wp\/v2\/users\/1"}],"replies":[{"embeddable":true,"href":"https:\/\/chacosintesis.com.ar\/index.php\/wp-json\/wp\/v2\/comments?post=24730"}],"version-history":[{"count":0,"href":"https:\/\/chacosintesis.com.ar\/index.php\/wp-json\/wp\/v2\/posts\/24730\/revisions"}],"wp:featuredmedia":[{"embeddable":true,"href":"https:\/\/chacosintesis.com.ar\/index.php\/wp-json\/wp\/v2\/media\/24731"}],"wp:attachment":[{"href":"https:\/\/chacosintesis.com.ar\/index.php\/wp-json\/wp\/v2\/media?parent=24730"}],"wp:term":[{"taxonomy":"category","embeddable":true,"href":"https:\/\/chacosintesis.com.ar\/index.php\/wp-json\/wp\/v2\/categories?post=24730"},{"taxonomy":"post_tag","embeddable":true,"href":"https:\/\/chacosintesis.com.ar\/index.php\/wp-json\/wp\/v2\/tags?post=24730"}],"curies":[{"name":"wp","href":"https:\/\/api.w.org\/{rel}","templated":true}]}}