{"id":24716,"date":"2023-08-01T19:39:49","date_gmt":"2023-08-01T22:39:49","guid":{"rendered":"https:\/\/chacosintesis.com.ar\/?p=24716"},"modified":"2023-08-01T20:06:48","modified_gmt":"2023-08-01T23:06:48","slug":"caso-cecilia-strzyzowski-operativo-policial-de-seguridad-en-inmediaciones-de-la-fiscalia","status":"publish","type":"post","link":"https:\/\/chacosintesis.com.ar\/index.php\/caso-cecilia-strzyzowski-operativo-policial-de-seguridad-en-inmediaciones-de-la-fiscalia\/","title":{"rendered":"Caso Cecilia Strzyzowski: operativo policial de seguridad en inmediaciones de la Fiscal\u00eda"},"content":{"rendered":"<p>El vallado en la sede fiscal de avenida 9 de Julio se instalar\u00e1 este martes a partir de las 20, por lo que el tr\u00e1nsito estar\u00e1 interrumpido hasta la culminaci\u00f3n de las audiencias el jueves 3 de agosto.<br \/>\nEn el marco de las audiencias de oposici\u00f3n y de nulidades planteadas por las defensas de Emerenciano Sena y Marcela Acu\u00f1a, ambos imputados como coautores del asesinato de Cecilia Strzyzowski, la Fiscal\u00eda en turno solicit\u00f3 el vallado en toda la cuadra y la presencia de personal policial de refuerzo para custodia de la sede fiscal.<br \/>\nEl vallado ser\u00e1 instalado por personal policial a partir de las 20 de este martes, por lo que el tr\u00e1nsito en la avenida 9 de Julio 236 de Resistencia ser\u00e1 interrumpido en toda la cuadra hasta el jueves 3 de agosto inclusive, en virtud a las audiencias previstas por la causa, donde se espera la presencia de distintos movimientos sociales.<br \/>\nEn este marco, la Jefatura de la Polic\u00eda del Chaco dispuso la afectaci\u00f3n de unos 400 efectivos de las divisiones Infanter\u00eda, Cuerpo de Operaciones Especiales, Cuerpo de Operaciones Motorizada, Polic\u00eda Caminera, Caballer\u00eda,  Agentes Comunitarios y Convencionales con el fin de garantizar la seguridad de las personas que deban asistir a la sede fiscal as\u00ed como tambi\u00e9n de los ciudadanos y las ciudadanas que deban circular por la zona.<br \/>\nFinalmente, se convoc\u00f3 a la comunidad \u201ca mantener la calma y acompa\u00f1ar el pedido de Justicia de forma pac\u00edfica\u201d. Asimismo, desde el Estado provincial, se garantiza que \u201cno habr\u00e1 tolerancia ante cualquier situaci\u00f3n de violencia o incitaci\u00f3n a la misma, dado que \u00e9stos son delitos graves que atentan contra la paz social\u201d, concluye el comunicado oficial.<\/p>\n","protected":false},"excerpt":{"rendered":"<p>El vallado en la sede fiscal de avenida 9 de Julio se instalar\u00e1 este martes a partir de las 20, por lo que el tr\u00e1nsito estar\u00e1 interrumpido hasta la culminaci\u00f3n de las audiencias el jueves 3 de agosto. En el marco de las audiencias de oposici\u00f3n y de nulidades planteadas por las defensas de Emerenciano [&hellip;]<\/p>\n","protected":false},"author":1,"featured_media":24717,"comment_status":"closed","ping_status":"closed","sticky":false,"template":"","format":"standard","meta":{"footnotes":""},"categories":[6],"tags":[],"class_list":{"0":"post-24716","1":"post","2":"type-post","3":"status-publish","4":"format-standard","5":"has-post-thumbnail","7":"category-chaco"},"_links":{"self":[{"href":"https:\/\/chacosintesis.com.ar\/index.php\/wp-json\/wp\/v2\/posts\/24716","targetHints":{"allow":["GET"]}}],"collection":[{"href":"https:\/\/chacosintesis.com.ar\/index.php\/wp-json\/wp\/v2\/posts"}],"about":[{"href":"https:\/\/chacosintesis.com.ar\/index.php\/wp-json\/wp\/v2\/types\/post"}],"author":[{"embeddable":true,"href":"https:\/\/chacosintesis.com.ar\/index.php\/wp-json\/wp\/v2\/users\/1"}],"replies":[{"embeddable":true,"href":"https:\/\/chacosintesis.com.ar\/index.php\/wp-json\/wp\/v2\/comments?post=24716"}],"version-history":[{"count":0,"href":"https:\/\/chacosintesis.com.ar\/index.php\/wp-json\/wp\/v2\/posts\/24716\/revisions"}],"wp:featuredmedia":[{"embeddable":true,"href":"https:\/\/chacosintesis.com.ar\/index.php\/wp-json\/wp\/v2\/media\/24717"}],"wp:attachment":[{"href":"https:\/\/chacosintesis.com.ar\/index.php\/wp-json\/wp\/v2\/media?parent=24716"}],"wp:term":[{"taxonomy":"category","embeddable":true,"href":"https:\/\/chacosintesis.com.ar\/index.php\/wp-json\/wp\/v2\/categories?post=24716"},{"taxonomy":"post_tag","embeddable":true,"href":"https:\/\/chacosintesis.com.ar\/index.php\/wp-json\/wp\/v2\/tags?post=24716"}],"curies":[{"name":"wp","href":"https:\/\/api.w.org\/{rel}","templated":true}]}}