{"id":24710,"date":"2023-08-01T19:33:54","date_gmt":"2023-08-01T22:33:54","guid":{"rendered":"https:\/\/chacosintesis.com.ar\/?p=24710"},"modified":"2023-08-01T19:37:06","modified_gmt":"2023-08-01T22:37:06","slug":"seguridad-lanzan-nuevos-operativos-de-prevencion-con-mas-de-300-efectivos","status":"publish","type":"post","link":"https:\/\/chacosintesis.com.ar\/index.php\/seguridad-lanzan-nuevos-operativos-de-prevencion-con-mas-de-300-efectivos\/","title":{"rendered":"Seguridad: lanzan nuevos operativos de prevenci\u00f3n con m\u00e1s de 300 efectivos"},"content":{"rendered":"<p>Adem\u00e1s de las comisar\u00edas intervendr\u00e1n Unidades Especiales. Asimismo cuentan con la colaboraci\u00f3n del personal de Gendarmer\u00eda Nacional, Prefectura, Polic\u00eda Aeroportuaria y Polic\u00eda Federal.  El dispositivo comenz\u00f3 en Espa\u00f1a y Castelli; mientras que la segunda etapa tendr\u00e1 lugar en avenida Urquiza y Nicaragua.<br \/>\nLa Polic\u00eda del Chaco lanz\u00f3 esta tarde desde la intersecci\u00f3n de las avenidas Espa\u00f1a y Castelli, un operativo de prevenci\u00f3n general, con el objetivo de garantizar la seguridad de la comunidad y reducir los delitos y contravenciones. Adem\u00e1s de las comisar\u00edas intervienen Unidades Especiales. Asimismo cuentan con la colaboraci\u00f3n del personal de Gendarmer\u00eda Nacional, Prefectura, Polic\u00eda Aeroportuaria y Polic\u00eda Federal.<br \/>\nDesde las 17:30, los agentes iniciaron el dispositivo que tiene pautado controles de motos, adem\u00e1s recorridas buscando evitar arrebatos y aumentar la prevenci\u00f3n pero tambi\u00e9n generar un mayor contacto con los vecinos de la zona. A la par, personal de la Direcci\u00f3n General Polic\u00eda Caminera, realizar\u00e1 puestos fijos de controles vehiculares.<br \/>\nLa segunda etapa, comenzar\u00e1 a las 19:30 y tendr\u00e1 lugar en avenida Urquiza y Nicaragua. Desde la fuerza, destacaron que este tipo de dispositivos se replicar\u00e1n en toda la provincia y continuar\u00e1 en otros puntos de la ciudad.<\/p>\n","protected":false},"excerpt":{"rendered":"<p>Adem\u00e1s de las comisar\u00edas intervendr\u00e1n Unidades Especiales. Asimismo cuentan con la colaboraci\u00f3n del personal de Gendarmer\u00eda Nacional, Prefectura, Polic\u00eda Aeroportuaria y Polic\u00eda Federal. El dispositivo comenz\u00f3 en Espa\u00f1a y Castelli; mientras que la segunda etapa tendr\u00e1 lugar en avenida Urquiza y Nicaragua. La Polic\u00eda del Chaco lanz\u00f3 esta tarde desde la intersecci\u00f3n de las avenidas [&hellip;]<\/p>\n","protected":false},"author":1,"featured_media":24711,"comment_status":"closed","ping_status":"closed","sticky":false,"template":"","format":"standard","meta":{"footnotes":""},"categories":[6],"tags":[],"class_list":{"0":"post-24710","1":"post","2":"type-post","3":"status-publish","4":"format-standard","5":"has-post-thumbnail","7":"category-chaco"},"_links":{"self":[{"href":"https:\/\/chacosintesis.com.ar\/index.php\/wp-json\/wp\/v2\/posts\/24710","targetHints":{"allow":["GET"]}}],"collection":[{"href":"https:\/\/chacosintesis.com.ar\/index.php\/wp-json\/wp\/v2\/posts"}],"about":[{"href":"https:\/\/chacosintesis.com.ar\/index.php\/wp-json\/wp\/v2\/types\/post"}],"author":[{"embeddable":true,"href":"https:\/\/chacosintesis.com.ar\/index.php\/wp-json\/wp\/v2\/users\/1"}],"replies":[{"embeddable":true,"href":"https:\/\/chacosintesis.com.ar\/index.php\/wp-json\/wp\/v2\/comments?post=24710"}],"version-history":[{"count":0,"href":"https:\/\/chacosintesis.com.ar\/index.php\/wp-json\/wp\/v2\/posts\/24710\/revisions"}],"wp:featuredmedia":[{"embeddable":true,"href":"https:\/\/chacosintesis.com.ar\/index.php\/wp-json\/wp\/v2\/media\/24711"}],"wp:attachment":[{"href":"https:\/\/chacosintesis.com.ar\/index.php\/wp-json\/wp\/v2\/media?parent=24710"}],"wp:term":[{"taxonomy":"category","embeddable":true,"href":"https:\/\/chacosintesis.com.ar\/index.php\/wp-json\/wp\/v2\/categories?post=24710"},{"taxonomy":"post_tag","embeddable":true,"href":"https:\/\/chacosintesis.com.ar\/index.php\/wp-json\/wp\/v2\/tags?post=24710"}],"curies":[{"name":"wp","href":"https:\/\/api.w.org\/{rel}","templated":true}]}}