{"id":24706,"date":"2023-08-01T19:28:37","date_gmt":"2023-08-01T22:28:37","guid":{"rendered":"https:\/\/chacosintesis.com.ar\/?p=24706"},"modified":"2023-08-01T19:37:05","modified_gmt":"2023-08-01T22:37:05","slug":"emergencia-agropecuaria-890-productores-seran-beneficiados-para-impulsar-al-sector-agricola","status":"publish","type":"post","link":"https:\/\/chacosintesis.com.ar\/index.php\/emergencia-agropecuaria-890-productores-seran-beneficiados-para-impulsar-al-sector-agricola\/","title":{"rendered":"Emergencia agropecuaria: 890 productores ser\u00e1n beneficiados para impulsar al sector agr\u00edcola"},"content":{"rendered":"<p>En Corzuela, el gobernador firm\u00f3 un convenio con la Federaci\u00f3n Agraria que establece el otorgamiento de ayuda a productores mediante la tarjeta Tuya Recargable. Adem\u00e1s inaugur\u00f3 22 kil\u00f3metros de ripio<br \/>\nEl gobernador Jorge Capitanich mantuvo este martes en Corzuela, un encuentro con representantes de la Federaci\u00f3n Agraria Argentina (FAA), en la que analizaron la situaci\u00f3n de la emergencia agr\u00edcola actual y firmaron un convenio por 200 millones de pesos para acompa\u00f1ar a productoras y productores afectados por la emergencia agropecuaria en el desarrollo de la Campa\u00f1a de Girasol. Antes, inaugur\u00f3 22 kil\u00f3metros de ripio en la ruta provincial 20, un camino clave para impulsar al sector agr\u00edcola en la zona.<br \/>\n\u201cAl campo se lo debe apoyar. Nosotros lo estamos haciendo con financiamiento, con mejores caminos, pero tambi\u00e9n con viviendas rurales, t\u00edtulos de propiedad de la tierra y electrificaci\u00f3n rural, entre otras acciones\u201d, destac\u00f3.<br \/>\nAcompa\u00f1amiento a las familias productoras del Chaco<\/p>\n<p>Junto a miembros de las distintas filiales de la Federaci\u00f3n Agraria, Capitanich refiri\u00f3 sobre los distintos aportes que se realizan desde el Gobierno provincial para apuntalar la campa\u00f1a agr\u00edcola y aportar facilidades para aumentar el rendimiento y productividad de peque\u00f1os y medianos productores.<br \/>\nEn total, 890 productores recibir\u00e1n una compensaci\u00f3n con fondos de emergencia agropecuaria para el sector agr\u00edcola que ser\u00e1n acreditados a las tarjetas TUYA Recargable a partir del jueves 3 de agosto. Esto prev\u00e9 una inversi\u00f3n de 400 millones de pesos, en el marco de la Emergencia Agropecuaria 2023.<br \/>\nLos criterios para este sector son: tope de mil hect\u00e1reas de campo, tope de 500 hect\u00e1reas sembradas, tope de compensaci\u00f3n de 200 hect\u00e1reas (monto m\u00e1ximo por cada productor de $839.100). \u201cEs importante para la compensaci\u00f3n para los da\u00f1os ocasionados por la sequ\u00eda\u201d, explic\u00f3 Capitanich.<\/p>\n<p>Participaron el ministro de Producci\u00f3n, Industria y Empleo, Sebasti\u00e1n Lifton; la subsecretar\u00eda de Agricultura, Gabriela Francescutti; el intendente de Corzuela, Rafael Carrara; representantes de la Federaci\u00f3n Agraria Argentina (FAA) de las filiales de Presidencia Roque S\u00e1enz Pe\u00f1a, La Tigra, Corzuela, Santa Sylvina, Avia Terai y Hermoso Campo.<br \/>\nDe la filial de la FAA Corzuela, Drago Kapor se refiri\u00f3 a la sequ\u00eda hist\u00f3rica que atraviesa el campo y en este marco, la importancia del acompa\u00f1amiento del Estado para acceso al combustible y lo que requiera para el campo \u201clo que beneficiar\u00e1 por supuesto a cada una de nuestras familias que integran las filiales que son cerca de 250\u201d, dijo.<\/p>\n<p>Mejores caminos para impulsar el sector agr\u00edcola<\/p>\n<p>Posteriormente, con una inversi\u00f3n de casi 630 millones de pesos, Capitanich inaugur\u00f3 un tramo de 22 kil\u00f3metros de ripio y construcci\u00f3n de alcantarillas transversales y laterales sobre la ruta provincial 20, sobre el tramo comprendido entre Ruta Nacional 89 y La Montenegrina. El objetivo es contribuir a incrementar la eficiencia productiva de las actividades locales y la calidad de los productos agr\u00edcolas ganadero de la provincia.<br \/>\n\u201cEs una zona donde se concentran muchos productores que podr\u00e1n trabajar sin importar las lluvias o las tormentas\u201d, celebr\u00f3 Capitanich tras la habilitaci\u00f3n de este tramo que mejorar\u00e1 las condiciones generales, la transitabilidad y optimizar\u00e1 el drenaje del camino, asegurando el tr\u00e1nsito en d\u00edas de lluvia, beneficiando as\u00ed esta zona agr\u00edcola, de alta producci\u00f3n de girasol, soja, algod\u00f3n, etc\u00e9tera. Adem\u00e1s, es un v\u00ednculo para localidades ubicadas a la vera de la ruta 89 con las que se encuentran localizadas sobre la traza de la ruta nacional 95.<\/p>\n","protected":false},"excerpt":{"rendered":"<p>En Corzuela, el gobernador firm\u00f3 un convenio con la Federaci\u00f3n Agraria que establece el otorgamiento de ayuda a productores mediante la tarjeta Tuya Recargable. Adem\u00e1s inaugur\u00f3 22 kil\u00f3metros de ripio El gobernador Jorge Capitanich mantuvo este martes en Corzuela, un encuentro con representantes de la Federaci\u00f3n Agraria Argentina (FAA), en la que analizaron la situaci\u00f3n [&hellip;]<\/p>\n","protected":false},"author":1,"featured_media":24707,"comment_status":"closed","ping_status":"closed","sticky":false,"template":"","format":"standard","meta":{"footnotes":""},"categories":[6],"tags":[],"class_list":{"0":"post-24706","1":"post","2":"type-post","3":"status-publish","4":"format-standard","5":"has-post-thumbnail","7":"category-chaco"},"_links":{"self":[{"href":"https:\/\/chacosintesis.com.ar\/index.php\/wp-json\/wp\/v2\/posts\/24706","targetHints":{"allow":["GET"]}}],"collection":[{"href":"https:\/\/chacosintesis.com.ar\/index.php\/wp-json\/wp\/v2\/posts"}],"about":[{"href":"https:\/\/chacosintesis.com.ar\/index.php\/wp-json\/wp\/v2\/types\/post"}],"author":[{"embeddable":true,"href":"https:\/\/chacosintesis.com.ar\/index.php\/wp-json\/wp\/v2\/users\/1"}],"replies":[{"embeddable":true,"href":"https:\/\/chacosintesis.com.ar\/index.php\/wp-json\/wp\/v2\/comments?post=24706"}],"version-history":[{"count":0,"href":"https:\/\/chacosintesis.com.ar\/index.php\/wp-json\/wp\/v2\/posts\/24706\/revisions"}],"wp:featuredmedia":[{"embeddable":true,"href":"https:\/\/chacosintesis.com.ar\/index.php\/wp-json\/wp\/v2\/media\/24707"}],"wp:attachment":[{"href":"https:\/\/chacosintesis.com.ar\/index.php\/wp-json\/wp\/v2\/media?parent=24706"}],"wp:term":[{"taxonomy":"category","embeddable":true,"href":"https:\/\/chacosintesis.com.ar\/index.php\/wp-json\/wp\/v2\/categories?post=24706"},{"taxonomy":"post_tag","embeddable":true,"href":"https:\/\/chacosintesis.com.ar\/index.php\/wp-json\/wp\/v2\/tags?post=24706"}],"curies":[{"name":"wp","href":"https:\/\/api.w.org\/{rel}","templated":true}]}}