{"id":24692,"date":"2023-08-01T16:17:49","date_gmt":"2023-08-01T19:17:49","guid":{"rendered":"https:\/\/chacosintesis.com.ar\/?p=24692"},"modified":"2023-08-01T16:37:05","modified_gmt":"2023-08-01T19:37:05","slug":"capacitaciones-textiles-gratuitas-cronograma-completo-del-ministerio-de-produccion","status":"publish","type":"post","link":"https:\/\/chacosintesis.com.ar\/index.php\/capacitaciones-textiles-gratuitas-cronograma-completo-del-ministerio-de-produccion\/","title":{"rendered":"Capacitaciones textiles gratuitas: cronograma completo del Ministerio de Producci\u00f3n"},"content":{"rendered":"<p>La propuesta incluye desde \u201coperador de maquinaria industrial\u201d hasta \u201cmantenimiento b\u00e1sico\u201d y se desarrollan, mediante un esquema itinerante organizado, en distintas ciudades de la provincia.<br \/>\nEl Ministerio de Producci\u00f3n, Industria y Empleo intensificar\u00e1, en agosto, el esquema de capacitaciones textiles completamente gratuitas destinadas a dinamizar al sector en cuanto a fortalecimiento de los recursos humanos. La propuesta formativa se enmarca en el programa \u201cConfeccionar\u201d, lanzado en 2022 por el gobierno provincial y coordinado por la Subsecretar\u00eda de Industria.<br \/>\nDesde la implementaci\u00f3n de la iniciativa ya fueron capacitadas 2.959 personas en todo el Chaco, contemplando tambi\u00e9n al programa Chac\u00fa, que se orienta a potenciar emprendimientos vinculados al dise\u00f1o. \u201cLa producci\u00f3n de algod\u00f3n chaque\u00f1o dinamiza y potencia la econom\u00eda provincial y de la regi\u00f3n por la alta utilizaci\u00f3n de mano de obra por lo que la confecci\u00f3n, que es el eslab\u00f3n que completa la cadena de valor, requiere de cada vez mayor cantidad y calidad de recursos humanos\u201d, asegur\u00f3 este martes la subsecretaria Laura Binaghi.<br \/>\nLa funcionaria indic\u00f3 que \u201cConfeccionar\u201d cuenta entre sus ejes de trabajo a la formaci\u00f3n para el sector, as\u00ed como tambi\u00e9n la producci\u00f3n a escala de prendas en denim, la puesta en marcha y el fortalecimiento de emprendimientos y mipymes y la provisi\u00f3n de indumentaria a todo el Norte Grande.<br \/>\n\u201cA partir de todas estas premisas es que llevamos adelante un importante esquema de capacitaciones, las que tienen por objetivo desarrollar capacidades para la inserci\u00f3n de las y los chaque\u00f1os en la industria textil\u201d, remarc\u00f3 Binaghi.<br \/>\nDesde \u201coperador de maquinaria industrial\u201d hasta \u201cmantenimiento b\u00e1sico\u201d, las distintas propuestas en formaci\u00f3n son gratuitas y se desarrollan, mediante un esquema itinerante organizado, en distintas ciudades de la provincia.<br \/>\nLas capacitaciones, que son implementadas de manera conjunta con el Ministerio de Educaci\u00f3n, responden a una demanda concreta del sector en cuanto a la demanda de personal calificado para atender tanto la puesta en marcha como la expansi\u00f3n de establecimientos textiles en distintos puntos de la provincia.<br \/>\nCronograma de capacitaciones<br \/>\nEl calendario de agosto de capacitaciones, las que en su mayor\u00eda tendr\u00e1n una duraci\u00f3n de 100 horas reloj, que impulsa el Ministerio de Producci\u00f3n, Industria y Empleo para el sector textil comenzar\u00e1 este mi\u00e9rcoles.<br \/>\nLa primera, desde este mi\u00e9rcoles 2, ser\u00e1 \u201cOperador de m\u00e1quina industrial para la confecci\u00f3n de indumentaria intensiva\u201d, que se dictar\u00e1 en el parque industrial de Puerto Tirol de lunes a viernes en dos turnos: ma\u00f1ana (de 8.30 a 12.30) y tarde (de 14 a 18).<br \/>\n\u201cMantenimiento b\u00e1sico de maquina industrial para la confecci\u00f3n de indumentaria intensiva\u201d, tambi\u00e9n en el parque de Tirol, le seguir\u00e1 desde el s\u00e1bado 5, de 8 a 14.<br \/>\nEl lunes 7 iniciar\u00e1 \u201cOperador de m\u00e1quina industrial para la confecci\u00f3n de indumentaria\u201d en Fontana, con cursada tambi\u00e9n los martes, mi\u00e9rcoles y jueves.<br \/>\nEl martes 8 ser\u00e1 el turno de \u201cOperador de m\u00e1quina industrial para la confecci\u00f3n de indumentaria\u201d, en el Centro de Servicios Textiles del Ministerio de Producci\u00f3n Industria y Empleo ubicado en el Centro C\u00edvico de Presidencia Roque S\u00e1enz Pe\u00f1a, con turnos los martes y jueves: ma\u00f1ana (de 8.30 a 12.30) y tarde (de 14 a 18).<br \/>\nFinalmente, desde el jueves 10, en tanto, se llevar\u00e1 adelante la capacitaci\u00f3n denominada \u201cIntroducci\u00f3n al uso de m\u00e1quinas industriales\u201d en el taller de costura de La Verde (lunes y jueves de 14 a 17).<\/p>\n","protected":false},"excerpt":{"rendered":"<p>La propuesta incluye desde \u201coperador de maquinaria industrial\u201d hasta \u201cmantenimiento b\u00e1sico\u201d y se desarrollan, mediante un esquema itinerante organizado, en distintas ciudades de la provincia. El Ministerio de Producci\u00f3n, Industria y Empleo intensificar\u00e1, en agosto, el esquema de capacitaciones textiles completamente gratuitas destinadas a dinamizar al sector en cuanto a fortalecimiento de los recursos humanos. [&hellip;]<\/p>\n","protected":false},"author":1,"featured_media":24693,"comment_status":"closed","ping_status":"closed","sticky":false,"template":"","format":"standard","meta":{"footnotes":""},"categories":[6],"tags":[],"class_list":{"0":"post-24692","1":"post","2":"type-post","3":"status-publish","4":"format-standard","5":"has-post-thumbnail","7":"category-chaco"},"_links":{"self":[{"href":"https:\/\/chacosintesis.com.ar\/index.php\/wp-json\/wp\/v2\/posts\/24692","targetHints":{"allow":["GET"]}}],"collection":[{"href":"https:\/\/chacosintesis.com.ar\/index.php\/wp-json\/wp\/v2\/posts"}],"about":[{"href":"https:\/\/chacosintesis.com.ar\/index.php\/wp-json\/wp\/v2\/types\/post"}],"author":[{"embeddable":true,"href":"https:\/\/chacosintesis.com.ar\/index.php\/wp-json\/wp\/v2\/users\/1"}],"replies":[{"embeddable":true,"href":"https:\/\/chacosintesis.com.ar\/index.php\/wp-json\/wp\/v2\/comments?post=24692"}],"version-history":[{"count":0,"href":"https:\/\/chacosintesis.com.ar\/index.php\/wp-json\/wp\/v2\/posts\/24692\/revisions"}],"wp:featuredmedia":[{"embeddable":true,"href":"https:\/\/chacosintesis.com.ar\/index.php\/wp-json\/wp\/v2\/media\/24693"}],"wp:attachment":[{"href":"https:\/\/chacosintesis.com.ar\/index.php\/wp-json\/wp\/v2\/media?parent=24692"}],"wp:term":[{"taxonomy":"category","embeddable":true,"href":"https:\/\/chacosintesis.com.ar\/index.php\/wp-json\/wp\/v2\/categories?post=24692"},{"taxonomy":"post_tag","embeddable":true,"href":"https:\/\/chacosintesis.com.ar\/index.php\/wp-json\/wp\/v2\/tags?post=24692"}],"curies":[{"name":"wp","href":"https:\/\/api.w.org\/{rel}","templated":true}]}}