{"id":24688,"date":"2023-08-01T16:13:48","date_gmt":"2023-08-01T19:13:48","guid":{"rendered":"https:\/\/chacosintesis.com.ar\/?p=24688"},"modified":"2023-08-01T16:36:59","modified_gmt":"2023-08-01T19:36:59","slug":"capitanich-recibio-a-la-familia-de-pedro-ojeda-y-ratifico-el-compromiso-del-estado-para-dar-con-su-paradero","status":"publish","type":"post","link":"https:\/\/chacosintesis.com.ar\/index.php\/capitanich-recibio-a-la-familia-de-pedro-ojeda-y-ratifico-el-compromiso-del-estado-para-dar-con-su-paradero\/","title":{"rendered":"Capitanich recibi\u00f3 a la familia de Pedro Ojeda y ratific\u00f3 el compromiso del Estado para dar con su paradero"},"content":{"rendered":"<p>El Ejecutivo provincial act\u00faa como auxiliar de la Fiscal\u00eda de Investigaci\u00f3n Penal N\u00b0 1 de General San Mart\u00edn. La Interpol, la Polic\u00eda Federal, la Polic\u00eda del Chaco y divisiones policiales de otras provincias intervienen en la b\u00fasqueda.<br \/>\nEl gobernador Jorge Capitanich recibi\u00f3 a familiares de Pedro Ojeda, desaparecido desde el a\u00f1o pasado, para poner en total conocimiento las medidas que se tomaron en virtud de la b\u00fasqueda y que a la fecha cuenta con alerta amarilla de la Interpol.<br \/>\nEl Ejecutivo provincial act\u00faa como auxiliar de la Fiscal\u00eda de Investigaci\u00f3n Penal N\u00b0 1 de General San Mart\u00edn, poniendo todos los medios a disposici\u00f3n. A cargo de Guillermo Codutti, el organismo libr\u00f3 oficios a todas las provincias del pa\u00eds, as\u00ed como tambi\u00e9n orden\u00f3 las consultas a todas las entidades gubernamentales y no gubernamentales a fin de obtener informaci\u00f3n del ciudadano desaparecido.<br \/>\nA partir del momento en que los familiares realizaron la denuncia en la comisar\u00eda de Capit\u00e1n Solari fue que intevino el Sistema Provincial de B\u00fasqueda de Personas Desaparecidas y Extraviadas que lleva adelante el Ministerio de Seguridad y Justicia.<br \/>\nDesde entonces, las tareas investigativas cuentan con la colaboraci\u00f3n de varias unidades policiales: la Divisi\u00f3n Investigaciones Complejas de San Mart\u00edn, la Divisi\u00f3n B\u00fasqueda de Personas, la Divisi\u00f3n Articulaci\u00f3n e Inteligencia, la Divisi\u00f3n Canes, la Divisi\u00f3n Veh\u00edculo A\u00e9reo no Tripulado, la Divisi\u00f3n Bomberos, entre otros. Adem\u00e1s, sumaron a canes de la Polic\u00eda Federal e intervinieron bomberos voluntarios de Entre R\u00edos y Santiago del Estero, tambi\u00e9n especializados en rastreo de personas.<br \/>\nEn paralelo, est\u00e1 en tr\u00e1mite una solicitud de recompensa por cualquier informaci\u00f3n que se pueda brindar respecto a su paradero, diligenciado a trav\u00e9s del Ministerio de Seguridad y Justicia de la provincia.<br \/>\nEl gobernador destac\u00f3 en ese sentido el rol fundamental que cumple el Sistema Provincial de B\u00fasqueda de Personas, una herramienta \u00fanica en el pa\u00eds que se enlaza con el Sistema Federal de B\u00fasqueda de Personas y que trabaja mancomunadamente con otras provincias.<br \/>\nDesde su creaci\u00f3n y hasta la fecha, se dio con el paradero de 2.101 personas de las 2.105 intervenciones realizadas. De las cuatro restantes, tres fueron casos resueltos de femicidio, suicidio y homicidio; de la cuarta, la \u00faltima informaci\u00f3n que se tuvo data de hace 10 a\u00f1os atr\u00e1s.<br \/>\nEn el caso de Pedro Ojeda, el Estado provincial se comprometi\u00f3 a abordar la situaci\u00f3n de forma integral, ya que su familia, principalmente su madre, se encuentra en situaci\u00f3n de vulneraci\u00f3n econ\u00f3mica. Desde septiembre del 2022 se contin\u00faan arbitrando mecanismos para hallar al hombre.<br \/>\nPor cualquier informaci\u00f3n sobre Pedro Ojeda, la ciudadan\u00eda puede comunicarse con el servicio 911 o acudir a la Comisar\u00eda m\u00e1s cercana a su domicilio.<\/p>\n","protected":false},"excerpt":{"rendered":"<p>El Ejecutivo provincial act\u00faa como auxiliar de la Fiscal\u00eda de Investigaci\u00f3n Penal N\u00b0 1 de General San Mart\u00edn. La Interpol, la Polic\u00eda Federal, la Polic\u00eda del Chaco y divisiones policiales de otras provincias intervienen en la b\u00fasqueda. El gobernador Jorge Capitanich recibi\u00f3 a familiares de Pedro Ojeda, desaparecido desde el a\u00f1o pasado, para poner en [&hellip;]<\/p>\n","protected":false},"author":1,"featured_media":24689,"comment_status":"closed","ping_status":"closed","sticky":false,"template":"","format":"standard","meta":{"footnotes":""},"categories":[6],"tags":[],"class_list":{"0":"post-24688","1":"post","2":"type-post","3":"status-publish","4":"format-standard","5":"has-post-thumbnail","7":"category-chaco"},"_links":{"self":[{"href":"https:\/\/chacosintesis.com.ar\/index.php\/wp-json\/wp\/v2\/posts\/24688","targetHints":{"allow":["GET"]}}],"collection":[{"href":"https:\/\/chacosintesis.com.ar\/index.php\/wp-json\/wp\/v2\/posts"}],"about":[{"href":"https:\/\/chacosintesis.com.ar\/index.php\/wp-json\/wp\/v2\/types\/post"}],"author":[{"embeddable":true,"href":"https:\/\/chacosintesis.com.ar\/index.php\/wp-json\/wp\/v2\/users\/1"}],"replies":[{"embeddable":true,"href":"https:\/\/chacosintesis.com.ar\/index.php\/wp-json\/wp\/v2\/comments?post=24688"}],"version-history":[{"count":0,"href":"https:\/\/chacosintesis.com.ar\/index.php\/wp-json\/wp\/v2\/posts\/24688\/revisions"}],"wp:featuredmedia":[{"embeddable":true,"href":"https:\/\/chacosintesis.com.ar\/index.php\/wp-json\/wp\/v2\/media\/24689"}],"wp:attachment":[{"href":"https:\/\/chacosintesis.com.ar\/index.php\/wp-json\/wp\/v2\/media?parent=24688"}],"wp:term":[{"taxonomy":"category","embeddable":true,"href":"https:\/\/chacosintesis.com.ar\/index.php\/wp-json\/wp\/v2\/categories?post=24688"},{"taxonomy":"post_tag","embeddable":true,"href":"https:\/\/chacosintesis.com.ar\/index.php\/wp-json\/wp\/v2\/tags?post=24688"}],"curies":[{"name":"wp","href":"https:\/\/api.w.org\/{rel}","templated":true}]}}