{"id":24686,"date":"2023-08-01T16:09:36","date_gmt":"2023-08-01T19:09:36","guid":{"rendered":"https:\/\/chacosintesis.com.ar\/?p=24686"},"modified":"2023-08-01T16:36:58","modified_gmt":"2023-08-01T19:36:58","slug":"100-anos-del-inta-saenz-pena-es-un-pilar-fundamental-en-el-desarrollo-agropecuario-dijo-el-gobernador","status":"publish","type":"post","link":"https:\/\/chacosintesis.com.ar\/index.php\/100-anos-del-inta-saenz-pena-es-un-pilar-fundamental-en-el-desarrollo-agropecuario-dijo-el-gobernador\/","title":{"rendered":"100 a\u00f1os del INTA S\u00e1enz Pe\u00f1a: \u201cEs un pilar fundamental en el desarrollo agropecuario\u201d, dijo el gobernador"},"content":{"rendered":"<p>En el acto por el centenario de la Estaci\u00f3n Experimental del INTA en S\u00e1enz Pe\u00f1a, el gobernador Capitanich resalt\u00f3 la importancia de esta estaci\u00f3n experimental en la transformaci\u00f3n gen\u00e9tica del cultivo de algod\u00f3n y en el estudio de capacidad y uso de suelos. Tambi\u00e9n valor\u00f3 la expansi\u00f3n de la superficie sembrada en la provincia del Chaco en los \u00faltimos a\u00f1os gracias al impacto tecnol\u00f3gico y generaci\u00f3n de empleos en la instituci\u00f3n.<br \/>\nEl gobernador Jorge Capitanich particip\u00f3 este martes del acto por la celebraci\u00f3n del centenario del Instituto Nacional de Tecnolog\u00eda Agropecuaria (INTA) en Presidencia Roque S\u00e1enz Pe\u00f1a. \u201cEl incansable trabajo y los notables resultados obtenidos por el INTA constituyen un pilar fundamental en el desarrollo agropecuario de nuestra regi\u00f3n&#8221;, dijo el gobernador.<br \/>\nEn el acto por el centenario de la Estaci\u00f3n Experimental del INTA de S\u00e1enz Pe\u00f1a, el gobernador Jorge Capitanich rindi\u00f3 un merecido homenaje a los trabajadores y t\u00e9cnicos de la instituci\u00f3n. \u201cA lo largo de su historia, t\u00e9cnicos, ingenieros y agr\u00f3nomos han realizado extraordinarios aportes al conocimiento, impulsando transformaciones tanto cuantitativas como cualitativas en los campos de nuestra provincia\u201d, se\u00f1al\u00f3 el mandatario.<br \/>\nCapitanich enumer\u00f3 los hitos de la Estaci\u00f3n Experimental del INTA destacando la importancia que la misma ha tenido en la regi\u00f3n en toda la historia desde su creaci\u00f3n en 1923. Aqu\u00ed menciona tres fechas claves: la creaci\u00f3n de la estaci\u00f3n experimental (1 de agosto de 1923), la creaci\u00f3n del INTA (4 de diciembre de 1956) y la evoluci\u00f3n de la estaci\u00f3n experimental de Presidencia Roque S\u00e1enz Pe\u00f1a desde 1986.<br \/>\nEn su discurso Capitanich destac\u00f3 la importancia de esta estaci\u00f3n experimental en la transformaci\u00f3n gen\u00e9tica del cultivo de algod\u00f3n y en el estudio de capacidad y uso de suelos. Tambi\u00e9n resalt\u00f3 la expansi\u00f3n de la superficie sembrada en la provincia del Chaco en los \u00faltimos a\u00f1os gracias al impacto tecnol\u00f3gico y generaci\u00f3n de empleos del INTA.<br \/>\nLa estaci\u00f3n experimental  del INTA de Presidencia Roque S\u00e1enz Pe\u00f1a cuenta con cerca de mil hect\u00e1reas y forma parte de una red de 13 estaciones experimentales del INTA.  En este punto, el gobernador destac\u00f3 la colaboraci\u00f3n  del INTA con el Instituto de Investigaciones Forestal (IFA) para la producci\u00f3n de plantas y plantines, utilizados en el plan de arbolado urbano en la provincia del Chaco.<br \/>\nCapitanich hizo menci\u00f3n a dos aspectos principales que caracterizan a la estaci\u00f3n experimental como ser la transformaci\u00f3n gen\u00e9tica en el cultivo del algod\u00f3n, que es una referencia emblem\u00e1tica para Argentina y la regi\u00f3n sudamericana. Y el convenio de 50 a\u00f1os entre el Estado Provincial y el INTA para el estudio de capacidad y uso de suelos.<br \/>\nParticiparon del acto por el centenario de la Estaci\u00f3n Experimental del INTA en S\u00e1enz Pe\u00f1a, el presidente del INTA, Mariano Garmendia; el ministro de Producci\u00f3n, Industria y Empleo, Sebastian Lifton; la directora del Centro Regional Chaco-Formosa INTA, Diana Raquel Piedra; el director del INTA Saenz Pe\u00f1a; Ivan Bonacic Kresic; el intendente de S\u00e1enz Pe\u00f1a, Bruno Cipollini y el ministro de Planificaci\u00f3n, Econom\u00eda e Infraestructura, Santiago P\u00e9rez Pons.<br \/>\nDurante el acto se realiz\u00f3 la inauguraci\u00f3n del acceso a la Estaci\u00f3n Experimental Agropecuaria del INTA y se rubricaron sendos convenios de cooperaci\u00f3n t\u00e9cnica y apoyo institucional.<br \/>\nMatriz agropecuaria como base para el desarrollo de cadenas de valor<br \/>\nEl gobernador Capitanich asegur\u00f3 que \u201ces innegable que la matriz agropecuaria constituye la base fundamental para el desarrollo y la gesti\u00f3n de las cadenas de valor en nuestra provincia. El mundo ha experimentado diferentes procesos de transformaci\u00f3n, encontrando en la tecnolog\u00eda y en el paradigma de los servicios fuentes de generaci\u00f3n de ingresos. Es por eso que celebramos y homenajeamos en este acto a todas las personas dedicadas al desarrollo t\u00e9cnico y cient\u00edfico, al personal y a los trabajadores que han contribuido a esta causa\u201d.<br \/>\nAsimismo,  marc\u00f3 como relevante el papel de la Ley 25.641, en cuya elaboraci\u00f3n particip\u00f3. \u201cEsta ley brinda un porcentaje de la capacidad productiva sin afectar recursos espec\u00edficos para la investigaci\u00f3n y el desarrollo. Sin financiamiento adecuado, corremos el riesgo de limitar el aumento de la producci\u00f3n y de la productividad. Por lo tanto, el trabajo que realizan en la experimentaci\u00f3n de maquinarias y herramientas con tecnolog\u00edas apropiadas adaptativas a nuestro pa\u00eds adquiere una gran importancia\u201d, se\u00f1al\u00f3.<br \/>\nEn este contexto marc\u00f3 como fundamental la realizaci\u00f3n de investigaciones y experimentos que se enfoquen en las necesidades de los peque\u00f1os y medianos productores.  Y agreg\u00f3 que los avances alcanzados en cuanto a  la implantaci\u00f3n de cultivos y las variedades gen\u00e9ticas de algod\u00f3n permitir\u00e1n un salto cualitativo en la industrializaci\u00f3n de los procesos productivos.<br \/>\n\u201cEs gratificante reconocer el incansable trabajo y los notables resultados obtenidos por el INTA, que constituyen un pilar fundamental en el desarrollo agropecuario de nuestra regi\u00f3n. Bajo su gu\u00eda y liderazgo, continuaremos avanzando hacia un futuro pr\u00f3spero y sostenible\u201d, resalt\u00f3 el gobernador.<br \/>\nEn este sentido marc\u00f3 finalmente que la investigaci\u00f3n y desarrollo son fundamentales para el progreso tecnol\u00f3gico. \u201cSin este progreso, no se incrementa la productividad y el rendimiento, lo que impide proteger un ecosistema productivo en el que emprendedores, productores, t\u00e9cnicos, profesionales y Estados puedan generar las condiciones necesarias para el desarrollo de nuestras comunidades\u201d, dijo . \u201cEste es nuestro desaf\u00edo actual y hoy queremos rendir homenaje a aquellos que han contribuido en el anonimato al progreso de nuestra provincia y nuestra Patria\u201d, enfatiz\u00f3.<br \/>\nGarmendia: \u201cQueremos una Argentina grande y profunda, donde todos podamos crecer\u201d<br \/>\nEl presidente del INTA, Mariano Garmendia marco que tanto los t\u00e9cnicos, como los productores, las familias huerteras, que trabajan junto al INTA son fundamentales para que esta instituci\u00f3n siga cumpliendo con su funci\u00f3n  y contribuya a esta idea simple pero poderosa: \u201cQueremos una Argentina grande y profunda, en donde todos y todas podamos desarrollar nuestra actividad y podamos crecer ac\u00e1\u201d.<br \/>\nEl INTA S\u00e1enz Pe\u00f1a,celebra un siglo de impulso al desarrollo hist\u00f3rico, cient\u00edfico, educativo y cultural de la regi\u00f3n. Con apenas once a\u00f1os y cinco meses de diferencia, el nacimiento de la ciudad y la instalaci\u00f3n de la Estaci\u00f3n Experimental del INTA en el mismo lugar, marcan la relevancia de la instituci\u00f3n.<br \/>\nEl 1 de agosto de 1923, el Dr. Tom\u00e1s LeBreton, entonces Ministro de Agricultura, inici\u00f3 la creaci\u00f3n de una Estaci\u00f3n Nacional Algodonera luego de relevar el territorio que ahora abarca el coraz\u00f3n de la Provincia del Chaco. Con el tiempo, la estaci\u00f3n ampli\u00f3 sus actividades, funciones e infraestructura, pasando finalmente a formar parte del Instituto Nacional de Tecnolog\u00eda Agropecuaria (INTA) el 4 de diciembre de 1956. Actualmente se conoce como Estaci\u00f3n Experimental Agr\u00edcola S\u00e1enz Pe\u00f1a.<br \/>\nUbicada sobre la Ruta Nacional N\u00b0 95 (km 1108), cerca del centro urbano de Presidencia Roque S\u00e1enz Pe\u00f1a, la estaci\u00f3n es una de las cinco del Centro Regional Chaco Formosa del INTA, cubriendo un \u00e1rea territorial significativa dentro de la Provincia del Chaco. Con una superficie aproximada de 1.000 hect\u00e1reas, la estaci\u00f3n se enfoca en diversas \u00e1reas de trabajo, entre ellas, algod\u00f3n, recursos naturales, producci\u00f3n forestal, mejoramiento gen\u00e9tico de trigo, evaluaci\u00f3n de cultivares de soja, girasol, ma\u00edz y sorgo, entomolog\u00eda, fitopatolog\u00eda, extensi\u00f3n rural y desarrollo, biotecnolog\u00eda, banco de germoplasma de algod\u00f3n, bosques nativos, ganader\u00eda, cultivos forrajeros subtropicales, suelos, SIG y sensores remotos, econom\u00eda, agrometeorolog\u00eda y maquinaria para la agricultura familiar. Tambi\u00e9n cuenta con el Centro de Formaci\u00f3n Integral (CECAIN), as\u00ed como con las \u00e1reas de comunicaci\u00f3n, sistemas, biblioteca y administraci\u00f3n.<br \/>\nVinculada hist\u00f3ricamente a la investigaci\u00f3n del cultivo m\u00e1s emblem\u00e1tico del Chaco, el algod\u00f3n, la EEA S\u00e1enz Pe\u00f1a ha logrado importantes avances cient\u00edficos y t\u00e9cnicos en el sector del &#8220;oro blanco&#8221;. Estos logros no solo han sido adoptados por los productores locales, sino que tambi\u00e9n han ganado reconocimiento internacional. Adem\u00e1s de la investigaci\u00f3n cient\u00edfica, el INTA S\u00e1enz Pe\u00f1a transfiere conocimientos y tecnolog\u00edas a los agricultores a trav\u00e9s de su Sistema de Extensi\u00f3n. El Sistema de Extensi\u00f3n de la EEA S\u00e1enz Pe\u00f1a comprende seis Extensi\u00f3n Rural ubicadas a lo largo de la provincia, cubriendo una superficie de m\u00e1s de 6.700.000 hect\u00e1reas. Las agencias de Pampa del Infierno, Machagai, Tres Isletas, Juan Jos\u00e9 Castelli, Villa \u00c1ngela y S\u00e1enz Pe\u00f1a juegan un papel fundamental en la transferencia de tecnolog\u00eda a los productores y la comunidad.<\/p>\n","protected":false},"excerpt":{"rendered":"<p>En el acto por el centenario de la Estaci\u00f3n Experimental del INTA en S\u00e1enz Pe\u00f1a, el gobernador Capitanich resalt\u00f3 la importancia de esta estaci\u00f3n experimental en la transformaci\u00f3n gen\u00e9tica del cultivo de algod\u00f3n y en el estudio de capacidad y uso de suelos. Tambi\u00e9n valor\u00f3 la expansi\u00f3n de la superficie sembrada en la provincia del [&hellip;]<\/p>\n","protected":false},"author":1,"featured_media":24687,"comment_status":"closed","ping_status":"closed","sticky":false,"template":"","format":"standard","meta":{"footnotes":""},"categories":[6],"tags":[],"class_list":{"0":"post-24686","1":"post","2":"type-post","3":"status-publish","4":"format-standard","5":"has-post-thumbnail","7":"category-chaco"},"_links":{"self":[{"href":"https:\/\/chacosintesis.com.ar\/index.php\/wp-json\/wp\/v2\/posts\/24686","targetHints":{"allow":["GET"]}}],"collection":[{"href":"https:\/\/chacosintesis.com.ar\/index.php\/wp-json\/wp\/v2\/posts"}],"about":[{"href":"https:\/\/chacosintesis.com.ar\/index.php\/wp-json\/wp\/v2\/types\/post"}],"author":[{"embeddable":true,"href":"https:\/\/chacosintesis.com.ar\/index.php\/wp-json\/wp\/v2\/users\/1"}],"replies":[{"embeddable":true,"href":"https:\/\/chacosintesis.com.ar\/index.php\/wp-json\/wp\/v2\/comments?post=24686"}],"version-history":[{"count":0,"href":"https:\/\/chacosintesis.com.ar\/index.php\/wp-json\/wp\/v2\/posts\/24686\/revisions"}],"wp:featuredmedia":[{"embeddable":true,"href":"https:\/\/chacosintesis.com.ar\/index.php\/wp-json\/wp\/v2\/media\/24687"}],"wp:attachment":[{"href":"https:\/\/chacosintesis.com.ar\/index.php\/wp-json\/wp\/v2\/media?parent=24686"}],"wp:term":[{"taxonomy":"category","embeddable":true,"href":"https:\/\/chacosintesis.com.ar\/index.php\/wp-json\/wp\/v2\/categories?post=24686"},{"taxonomy":"post_tag","embeddable":true,"href":"https:\/\/chacosintesis.com.ar\/index.php\/wp-json\/wp\/v2\/tags?post=24686"}],"curies":[{"name":"wp","href":"https:\/\/api.w.org\/{rel}","templated":true}]}}