{"id":24684,"date":"2023-08-01T16:05:32","date_gmt":"2023-08-01T19:05:32","guid":{"rendered":"https:\/\/chacosintesis.com.ar\/?p=24684"},"modified":"2023-08-01T16:06:54","modified_gmt":"2023-08-01T19:06:54","slug":"como-funcionara-el-operativo-de-seguridad-escucharnos-para-hacer","status":"publish","type":"post","link":"https:\/\/chacosintesis.com.ar\/index.php\/como-funcionara-el-operativo-de-seguridad-escucharnos-para-hacer\/","title":{"rendered":"\u00bfC\u00f3mo funcionar\u00e1 el operativo de seguridad &#8220;Escucharnos para hacer&#8221;?"},"content":{"rendered":"<p>Gloria Zalazar, ministra de Seguridad y Justicia, brind\u00f3 detalles acerca del plan que lanzo el gobernador Capitanich, el cual es el resultado de la escucha y el trabajo con comisiones vecinales.<br \/>\nGloria Zalazar, ministra de Seguridad y Justicia, dialog\u00f3 con Chaco TV sobre el lanzamiento del operativo &#8220;Escucharnos para hacer&#8221; y brind\u00f3 detalles acerca del plan realizado conjuntamente con comisiones vecinales. \u201cEl plan consiste en operativos que tienen que ver con la prevenci\u00f3n y el desarrollo de patrullajes y operativos espec\u00edficos en conjunto con las fuerzas federales\u201d, detall\u00f3.<br \/>\nEn este sentido, Zalazar explic\u00f3 que se trata de un trabajo que tiene que ver fundamentalmente con la escucha realizada por el gobernador Jorge Capitanich y su equipo de Gobierno, con el fin de atender un pedido que realizan los vecinos y vecinas de todas las localidades de la provincia. \u201cNosotros entendemos claramente que ese es uno de los temas principal\u00edsimos de agenda. Este es el principal pedido: seguridad\u201d, dijo el gobernador.<br \/>\nAsimismo, la ministra detall\u00f3 que el plan re\u00fane a todas las fuerzas de seguridad como ser la Gendarmer\u00eda Nacional en las rutas, la Prefectura en Barranqueras, la Polic\u00eda Federal Argentina en el micro y macrocentro, y la Polic\u00eda de Seguridad Agropecuaria en el aeropuerto, junto con la intervenci\u00f3n conjunta de la Polic\u00eda del Chaco. \u201cLos efectivos y los operativos est\u00e1n distribuidos y optimizados esos recursos en funci\u00f3n de los mapas de calor\u201d, agreg\u00f3.<br \/>\nAdem\u00e1s, Zalazar hizo hincapi\u00e9 en los denominados \u201cOperativos de Saturaci\u00f3n\u201d los cuales consisten en intervenciones de las fuerzas especiales de la polic\u00eda con la ayuda de los vecinos y vecinos, quienes brindan datos espec\u00edficos y puntuales de las zonas m\u00e1s afectadas. Entre los dispositivos que permitir\u00e1n brindar esa informaci\u00f3n a las agencias de seguridad privada, adem\u00e1s de la red de c\u00e1maras de monitoreo, se encuentran tanto el bot\u00f3n de emergencia de las tarjetas SUBE como la v\u00eda de contacto a trav\u00e9s de WhatsApp. \u201cEso nos va a permitir determinar de manera m\u00e1s r\u00e1pida, eficaz y directa cu\u00e1les son las zonas que est\u00e1n siendo afectadas\u201d, explic\u00f3 la ministra.<\/p>\n","protected":false},"excerpt":{"rendered":"<p>Gloria Zalazar, ministra de Seguridad y Justicia, brind\u00f3 detalles acerca del plan que lanzo el gobernador Capitanich, el cual es el resultado de la escucha y el trabajo con comisiones vecinales. Gloria Zalazar, ministra de Seguridad y Justicia, dialog\u00f3 con Chaco TV sobre el lanzamiento del operativo &#8220;Escucharnos para hacer&#8221; y brind\u00f3 detalles acerca del [&hellip;]<\/p>\n","protected":false},"author":1,"featured_media":24685,"comment_status":"closed","ping_status":"closed","sticky":false,"template":"","format":"standard","meta":{"footnotes":""},"categories":[6],"tags":[],"class_list":{"0":"post-24684","1":"post","2":"type-post","3":"status-publish","4":"format-standard","5":"has-post-thumbnail","7":"category-chaco"},"_links":{"self":[{"href":"https:\/\/chacosintesis.com.ar\/index.php\/wp-json\/wp\/v2\/posts\/24684","targetHints":{"allow":["GET"]}}],"collection":[{"href":"https:\/\/chacosintesis.com.ar\/index.php\/wp-json\/wp\/v2\/posts"}],"about":[{"href":"https:\/\/chacosintesis.com.ar\/index.php\/wp-json\/wp\/v2\/types\/post"}],"author":[{"embeddable":true,"href":"https:\/\/chacosintesis.com.ar\/index.php\/wp-json\/wp\/v2\/users\/1"}],"replies":[{"embeddable":true,"href":"https:\/\/chacosintesis.com.ar\/index.php\/wp-json\/wp\/v2\/comments?post=24684"}],"version-history":[{"count":0,"href":"https:\/\/chacosintesis.com.ar\/index.php\/wp-json\/wp\/v2\/posts\/24684\/revisions"}],"wp:featuredmedia":[{"embeddable":true,"href":"https:\/\/chacosintesis.com.ar\/index.php\/wp-json\/wp\/v2\/media\/24685"}],"wp:attachment":[{"href":"https:\/\/chacosintesis.com.ar\/index.php\/wp-json\/wp\/v2\/media?parent=24684"}],"wp:term":[{"taxonomy":"category","embeddable":true,"href":"https:\/\/chacosintesis.com.ar\/index.php\/wp-json\/wp\/v2\/categories?post=24684"},{"taxonomy":"post_tag","embeddable":true,"href":"https:\/\/chacosintesis.com.ar\/index.php\/wp-json\/wp\/v2\/tags?post=24684"}],"curies":[{"name":"wp","href":"https:\/\/api.w.org\/{rel}","templated":true}]}}