{"id":24682,"date":"2023-08-01T16:02:40","date_gmt":"2023-08-01T19:02:40","guid":{"rendered":"https:\/\/chacosintesis.com.ar\/?p=24682"},"modified":"2023-08-01T16:06:54","modified_gmt":"2023-08-01T19:06:54","slug":"los-debates-de-candidatos-seran-en-charata-y-resistencia","status":"publish","type":"post","link":"https:\/\/chacosintesis.com.ar\/index.php\/los-debates-de-candidatos-seran-en-charata-y-resistencia\/","title":{"rendered":"Los debates de candidatos ser\u00e1n en Charata y Resistencia"},"content":{"rendered":"<p>Los debates prepreelectorales tendr\u00e1n lugar en el Hotel Platinum de Charata y en el Sal\u00f3n Casablanca Gala de Resistencia.  Los candidatos a gobernador debatir\u00e1n el 28 de agosto y 5 de septiembre; mientras que candidatas y candidatos a diputadas y diputados har\u00e1n lo propio el 27 de agosto y 4 de septiembre.<br \/>\nEl Tribunal Electoral de la Provincia del Chaco inform\u00f3 este martes que los debates preelectorales tendr\u00e1n lugar en el Hotel Platinum de Charata el 27 y 28 de agosto y en el Sal\u00f3n Casablanca Gala de Resistencia el 4 y 5 de septiembre, de 21 a 23 horas.<br \/>\nLos candidatos a gobernador debatir\u00e1n el 28 de agosto y 5 de septiembre; mientras que candidatas y candidatos a diputadas y diputados lo har\u00e1n el 27 de agosto y 4 de septiembre, respectivamente.<br \/>\nEl Tribunal Electoral del Chaco  inform\u00f3 que, mediante la resoluci\u00f3n 179\/23 asign\u00f3 a la se\u00f1al Norte Grande Federal los derechos de producci\u00f3n y transmisi\u00f3n de tales instancias por haber sido la propuesta de menor valor.<br \/>\nLos partidos pol\u00edticos tendr\u00e1n tiempo hasta el lunes 7 de agosto a las 12 horas para nominar a tres periodistas como potenciales moderadores, en base a la lista propuesta por el TEP.<br \/>\nEl sorteo para moderador o moderadora titular y suplente en los debates a gobernador se llevar\u00e1 a cabo el mi\u00e9rcoles 9 de agosto a las 8 horas y el correspondiente a diputados y diputadas, ese mismo d\u00eda a las 8.15 horas. Quienes fueran sorteados para el primero quedar\u00e1n excluidos autom\u00e1ticamente del siguiente.<br \/>\nLa ley 2113-Q dispuso que los debates preelectorales sean obligatorios en virtud de la necesidad de dar a conocer y debatir ante el electorado los programas de gobierno y legislativo, difundir las propuestas de candidatas y candidatos dentro del marco de publicidad de las campa\u00f1as electorales y hacerlas accesibles a la ciudadan\u00eda en pos de que elijan libremente a quienes conducir\u00e1n el destino de la provincia durante los pr\u00f3ximos cuatro a\u00f1os.<\/p>\n","protected":false},"excerpt":{"rendered":"<p>Los debates prepreelectorales tendr\u00e1n lugar en el Hotel Platinum de Charata y en el Sal\u00f3n Casablanca Gala de Resistencia. Los candidatos a gobernador debatir\u00e1n el 28 de agosto y 5 de septiembre; mientras que candidatas y candidatos a diputadas y diputados har\u00e1n lo propio el 27 de agosto y 4 de septiembre. El Tribunal Electoral [&hellip;]<\/p>\n","protected":false},"author":1,"featured_media":24683,"comment_status":"closed","ping_status":"closed","sticky":false,"template":"","format":"standard","meta":{"footnotes":""},"categories":[6],"tags":[],"class_list":{"0":"post-24682","1":"post","2":"type-post","3":"status-publish","4":"format-standard","5":"has-post-thumbnail","7":"category-chaco"},"_links":{"self":[{"href":"https:\/\/chacosintesis.com.ar\/index.php\/wp-json\/wp\/v2\/posts\/24682","targetHints":{"allow":["GET"]}}],"collection":[{"href":"https:\/\/chacosintesis.com.ar\/index.php\/wp-json\/wp\/v2\/posts"}],"about":[{"href":"https:\/\/chacosintesis.com.ar\/index.php\/wp-json\/wp\/v2\/types\/post"}],"author":[{"embeddable":true,"href":"https:\/\/chacosintesis.com.ar\/index.php\/wp-json\/wp\/v2\/users\/1"}],"replies":[{"embeddable":true,"href":"https:\/\/chacosintesis.com.ar\/index.php\/wp-json\/wp\/v2\/comments?post=24682"}],"version-history":[{"count":0,"href":"https:\/\/chacosintesis.com.ar\/index.php\/wp-json\/wp\/v2\/posts\/24682\/revisions"}],"wp:featuredmedia":[{"embeddable":true,"href":"https:\/\/chacosintesis.com.ar\/index.php\/wp-json\/wp\/v2\/media\/24683"}],"wp:attachment":[{"href":"https:\/\/chacosintesis.com.ar\/index.php\/wp-json\/wp\/v2\/media?parent=24682"}],"wp:term":[{"taxonomy":"category","embeddable":true,"href":"https:\/\/chacosintesis.com.ar\/index.php\/wp-json\/wp\/v2\/categories?post=24682"},{"taxonomy":"post_tag","embeddable":true,"href":"https:\/\/chacosintesis.com.ar\/index.php\/wp-json\/wp\/v2\/tags?post=24682"}],"curies":[{"name":"wp","href":"https:\/\/api.w.org\/{rel}","templated":true}]}}