{"id":24680,"date":"2023-08-01T15:59:44","date_gmt":"2023-08-01T18:59:44","guid":{"rendered":"https:\/\/chacosintesis.com.ar\/?p=24680"},"modified":"2023-08-01T16:06:53","modified_gmt":"2023-08-01T19:06:53","slug":"centeno-es-fundamental-para-fortalecer-los-vinculos-entre-el-nino-y-la-madre-que-hacen-al-cuidado-al-crecimiento-y-al-desarrollo-de-las-infancias","status":"publish","type":"post","link":"https:\/\/chacosintesis.com.ar\/index.php\/centeno-es-fundamental-para-fortalecer-los-vinculos-entre-el-nino-y-la-madre-que-hacen-al-cuidado-al-crecimiento-y-al-desarrollo-de-las-infancias\/","title":{"rendered":"Centeno: \u201cEs fundamental para fortalecer los v\u00ednculos entre el ni\u00f1o y la madre que hacen al cuidado, al crecimiento y al desarrollo de las infancias\u201d"},"content":{"rendered":"<p>Bajo el lema \u201cAmamantar y trabajar: \u00a1Hagamos que sea posible!\u201d, comenz\u00f3 la semana de capacitaciones y acciones de concientizaci\u00f3n que se celebrar\u00e1 desde hoy hasta el pr\u00f3ximo lunes 7 de agosto. El Ministerio de Salud P\u00fablica del Chaco inaugur\u00f3 este martes la conmemoraci\u00f3n de la Semana Mundial de la Lactancia Materna, la cual se celebrar\u00e1 desde el 1 al 7 de agosto. Bajo el lema convocante de \u201cAmamantar y trabajar: \u00a1Hagamos que sea posible!\u201d, se pone en discusi\u00f3n a la lactancia materna y el trabajo, ofreciendo una mirada estrat\u00e9gica para realizar acciones que la promuevan y que garanticen que las personas con capacidad de amamantar puedan hacerlo el tiempo que deseen.<br \/>\nCarolina Centeno, ministra de Salud, junto a Karem Martel, m\u00e9dica pediatra-neonat\u00f3loga y presidenta de la Comisi\u00f3n Provincial de Lactancia Materna del Chaco, resaltaron la importancia de que tanto los Estados como las empresas y las comunidades en general se comprometan a que las infancias logren al menos seis meses de lactancia materna exclusiva. \u201cEs una herramienta fundamental para fortalecer los v\u00ednculos entre el ni\u00f1o y la madre que hacen al cuidado, al crecimiento y al desarrollo de las infancias y principalmente a la construcci\u00f3n de una sociedad mejor\u201d, destac\u00f3 Centeno, adem\u00e1s de agregar que esta acci\u00f3n protege y disminuye la incidencia de enfermedades cr\u00f3nicas no transmisibles.<br \/>\n\u201cLa lactancia materna es una pol\u00edtica p\u00fablica priorizada en el Ministerio de Salud P\u00fablica y en esta provincia desde hace mucho tiempo\u201d, explic\u00f3 la ministra al mismo tiempo que destac\u00f3 el continuo trabajo de la Comisi\u00f3n Provincial de la Lactancia Materna. \u201cChaco es de las pocas provincias que a trav\u00e9s de su legislaci\u00f3n protege ampliamente a la lactancia materna\u201d, se\u00f1al\u00f3 Martel, adem\u00e1s a\u00f1adir que \u201clo que faltar\u00eda en el sector privado y en el empleo informal es tomar conciencia de lo importante que es proteger este acto de amamantar\u201d.<br \/>\nPor la Semana Mundial de la Lactancia Materna se desarrollar\u00e1n m\u00faltiples actividades en el Hall del ingreso a la Maternidad del Hospital Dr. Julio C. Perrando. Con estas actividades se busca la concientizaci\u00f3n, sensibilizaci\u00f3n y la abogac\u00eda de las pol\u00edticas p\u00fablicas tanto en el sector p\u00fablico como el privado. \u201cBuscamos favorecer que las mujeres tengan espacios dignos para poder amamantar, que los trabajadores y trabajadoras contengan en esos espacios a las madres que amamantan\u201d, expres\u00f3 Centeno, y concluy\u00f3: \u201cEs necesario que los Estados locales, provinciales y nacionales inviertan en recursos econ\u00f3micos, humanos e Infraestructura para poder sostener la lactancia materna\u201d.<\/p>\n","protected":false},"excerpt":{"rendered":"<p>Bajo el lema \u201cAmamantar y trabajar: \u00a1Hagamos que sea posible!\u201d, comenz\u00f3 la semana de capacitaciones y acciones de concientizaci\u00f3n que se celebrar\u00e1 desde hoy hasta el pr\u00f3ximo lunes 7 de agosto. El Ministerio de Salud P\u00fablica del Chaco inaugur\u00f3 este martes la conmemoraci\u00f3n de la Semana Mundial de la Lactancia Materna, la cual se celebrar\u00e1 [&hellip;]<\/p>\n","protected":false},"author":1,"featured_media":24681,"comment_status":"closed","ping_status":"closed","sticky":false,"template":"","format":"standard","meta":{"footnotes":""},"categories":[6],"tags":[],"class_list":{"0":"post-24680","1":"post","2":"type-post","3":"status-publish","4":"format-standard","5":"has-post-thumbnail","7":"category-chaco"},"_links":{"self":[{"href":"https:\/\/chacosintesis.com.ar\/index.php\/wp-json\/wp\/v2\/posts\/24680","targetHints":{"allow":["GET"]}}],"collection":[{"href":"https:\/\/chacosintesis.com.ar\/index.php\/wp-json\/wp\/v2\/posts"}],"about":[{"href":"https:\/\/chacosintesis.com.ar\/index.php\/wp-json\/wp\/v2\/types\/post"}],"author":[{"embeddable":true,"href":"https:\/\/chacosintesis.com.ar\/index.php\/wp-json\/wp\/v2\/users\/1"}],"replies":[{"embeddable":true,"href":"https:\/\/chacosintesis.com.ar\/index.php\/wp-json\/wp\/v2\/comments?post=24680"}],"version-history":[{"count":0,"href":"https:\/\/chacosintesis.com.ar\/index.php\/wp-json\/wp\/v2\/posts\/24680\/revisions"}],"wp:featuredmedia":[{"embeddable":true,"href":"https:\/\/chacosintesis.com.ar\/index.php\/wp-json\/wp\/v2\/media\/24681"}],"wp:attachment":[{"href":"https:\/\/chacosintesis.com.ar\/index.php\/wp-json\/wp\/v2\/media?parent=24680"}],"wp:term":[{"taxonomy":"category","embeddable":true,"href":"https:\/\/chacosintesis.com.ar\/index.php\/wp-json\/wp\/v2\/categories?post=24680"},{"taxonomy":"post_tag","embeddable":true,"href":"https:\/\/chacosintesis.com.ar\/index.php\/wp-json\/wp\/v2\/tags?post=24680"}],"curies":[{"name":"wp","href":"https:\/\/api.w.org\/{rel}","templated":true}]}}