{"id":24674,"date":"2023-08-01T15:49:59","date_gmt":"2023-08-01T18:49:59","guid":{"rendered":"https:\/\/chacosintesis.com.ar\/?p=24674"},"modified":"2023-08-01T16:06:50","modified_gmt":"2023-08-01T19:06:50","slug":"la-policia-del-chaco-despejo-nuevamente-una-protesta-social-en-el-microcentro-de-resistencia","status":"publish","type":"post","link":"https:\/\/chacosintesis.com.ar\/index.php\/la-policia-del-chaco-despejo-nuevamente-una-protesta-social-en-el-microcentro-de-resistencia\/","title":{"rendered":"La Polic\u00eda del Chaco despej\u00f3 nuevamente una protesta social en el microcentro de Resistencia"},"content":{"rendered":"<p>Cuatro efectivos policiales resultaron heridos y hay tres personas demoradas por contravenciones en el marco de un corte del tr\u00e1nsito. \u201cLa Polic\u00eda actu\u00f3 en funci\u00f3n de preservar la seguridad de los comerciantes y transe\u00fantes\u201d, asegur\u00f3 la ministra Zalazar.<br \/>\nLa ministra de Seguridad y Justicia, Gloria Zalazar brind\u00f3 detalles sobre los hechos ocurridos esta ma\u00f1ana, cuando la Polic\u00eda del Chaco despej\u00f3 un corte de tr\u00e1nsito en el microcentro de Resistencia realizado por movimientos sociales este martes por la ma\u00f1ana. El hecho tuvo lugar a las 9:30 en la esquina de las calles Hip\u00f3lito Yrigoyen y General G\u00fcemes, donde unas 100 personas integrantes de distintos movimientos sociales interrumpieron el tr\u00e1nsito.<br \/>\nLa funcionaria destac\u00f3 el accionar profesional de la Polic\u00eda de la provincia \u201cconforme a la Ley 2399-J, que establece los protocolos de intervenci\u00f3n en manifestaciones, la Polic\u00eda actu\u00f3 en funci\u00f3n de preservar la seguridad de los comerciantes y transe\u00fantes\u201d. Los manifestantes se dirigieron luego hacia Casa de Gobierno con pancartas y elementos de percusi\u00f3n, seg\u00fan consta en el parte policial y fueron interceptados por personal de la Divisi\u00f3n Infanter\u00eda en Hip\u00f3lito Irigoyen 50, quienes solicitaron a los manifestantes que se suban a la vereda.<br \/>\nLos integrantes de movimientos sociales se negaron, lo que motiv\u00f3 el uso de la fuerza mediante la formaci\u00f3n lineal de efectivos policiales para as\u00ed evitar que avancen hacia Casa de Gobierno. Como respuesta, los manifestantes se tornaron violentos hacia el personal policial arrojando todo tipo de elementos contundentes. Los efectivos de Infanter\u00eda utilizaron elementos qu\u00edmicos para disuadir la concentraci\u00f3n y despejar el tr\u00e1nsito. Adem\u00e1s, detuvieron a tres personas mayores de edad.<br \/>\nPor otra parte, producto de la violencia ejercida por manifestantes, dos escudos resultaron con roturas y cuatro efectivos policiales poseen heridas leves que fueron atendidas por personal m\u00e9dico. \u201cNo vamos a permitir acciones violentas de personas que atentan contra la ciudadan\u00eda alterando el orden y la paz social mediante un corte del tr\u00e1nsito\u201d, asegur\u00f3 la ministra Zalazar.<\/p>\n","protected":false},"excerpt":{"rendered":"<p>Cuatro efectivos policiales resultaron heridos y hay tres personas demoradas por contravenciones en el marco de un corte del tr\u00e1nsito. \u201cLa Polic\u00eda actu\u00f3 en funci\u00f3n de preservar la seguridad de los comerciantes y transe\u00fantes\u201d, asegur\u00f3 la ministra Zalazar. La ministra de Seguridad y Justicia, Gloria Zalazar brind\u00f3 detalles sobre los hechos ocurridos esta ma\u00f1ana, cuando [&hellip;]<\/p>\n","protected":false},"author":1,"featured_media":24675,"comment_status":"closed","ping_status":"closed","sticky":false,"template":"","format":"standard","meta":{"footnotes":""},"categories":[6],"tags":[],"class_list":{"0":"post-24674","1":"post","2":"type-post","3":"status-publish","4":"format-standard","5":"has-post-thumbnail","7":"category-chaco"},"_links":{"self":[{"href":"https:\/\/chacosintesis.com.ar\/index.php\/wp-json\/wp\/v2\/posts\/24674","targetHints":{"allow":["GET"]}}],"collection":[{"href":"https:\/\/chacosintesis.com.ar\/index.php\/wp-json\/wp\/v2\/posts"}],"about":[{"href":"https:\/\/chacosintesis.com.ar\/index.php\/wp-json\/wp\/v2\/types\/post"}],"author":[{"embeddable":true,"href":"https:\/\/chacosintesis.com.ar\/index.php\/wp-json\/wp\/v2\/users\/1"}],"replies":[{"embeddable":true,"href":"https:\/\/chacosintesis.com.ar\/index.php\/wp-json\/wp\/v2\/comments?post=24674"}],"version-history":[{"count":0,"href":"https:\/\/chacosintesis.com.ar\/index.php\/wp-json\/wp\/v2\/posts\/24674\/revisions"}],"wp:featuredmedia":[{"embeddable":true,"href":"https:\/\/chacosintesis.com.ar\/index.php\/wp-json\/wp\/v2\/media\/24675"}],"wp:attachment":[{"href":"https:\/\/chacosintesis.com.ar\/index.php\/wp-json\/wp\/v2\/media?parent=24674"}],"wp:term":[{"taxonomy":"category","embeddable":true,"href":"https:\/\/chacosintesis.com.ar\/index.php\/wp-json\/wp\/v2\/categories?post=24674"},{"taxonomy":"post_tag","embeddable":true,"href":"https:\/\/chacosintesis.com.ar\/index.php\/wp-json\/wp\/v2\/tags?post=24674"}],"curies":[{"name":"wp","href":"https:\/\/api.w.org\/{rel}","templated":true}]}}