{"id":24672,"date":"2023-08-01T15:48:02","date_gmt":"2023-08-01T18:48:02","guid":{"rendered":"https:\/\/chacosintesis.com.ar\/?p=24672"},"modified":"2023-08-01T16:06:50","modified_gmt":"2023-08-01T19:06:50","slug":"programa-mirarnos-donde-estara-esta-semana","status":"publish","type":"post","link":"https:\/\/chacosintesis.com.ar\/index.php\/programa-mirarnos-donde-estara-esta-semana\/","title":{"rendered":"Programa Mirarnos: \u00bfD\u00f3nde estar\u00e1 esta semana?"},"content":{"rendered":"<p>Este martes la posta se ubicar\u00e1 en la Plazoleta P\u00fablica (Caracas y avenida Alberdi) de Resistencia, mientras que ma\u00f1ana mi\u00e9rcoles ser\u00e1 en el Centro de Salud del Barrio 17 de Julio. El jueves en el Centro de Salud de Villa Barber\u00e1n y el viernes 4 en el Club Sarmiento.<br \/>\nLa propuesta del programa de Salud Visual &#8216;Mirarnos&#8217; es llevada adelante por equipos del Gobierno Provincial en coordinaci\u00f3n con el nacional, y de manera itinerante hasta el mi\u00e9rcoles 9 de agosto, inclusive. La misma se implementar\u00e1 en distintos barrios del \u00e1rea metropolitana, brindando atenci\u00f3n oftalmol\u00f3gica con prioridad de sectores de la poblaci\u00f3n vulnerable como ni\u00f1as, ni\u00f1os, adolescentes, adultos mayores y personas con discapacidad. En cada operativo se otorgan 100 turnos por d\u00eda.<br \/>\nLa iniciativa Mirarnos, es coordinada entre el Ministerio de Desarrollo Social de la provincia y las carteras nacionales de Educaci\u00f3n, Salud y Desarrollo Social.<\/p>\n<p>Cronograma<br \/>\nCorrespondiente al martes 1 y hasta el mi\u00e9rcoles 9 de agosto, en el \u00c1rea Metropolitana. Todos los operativos se desarrollar\u00e1n de 10 a 17.<br \/>\nMartes 1 de agosto: Plazoleta P\u00fablica (Caracas y avenida Alberdi), Resistencia.<br \/>\nMi\u00e9rcoles 2 de agosto: Centro de Salud del Barrio 17 de Julio (Juan de la Cruz Navarro S\/N), Resistencia.<br \/>\nJueves 3 de agosto: Centro de Salud de Villa Barber\u00e1n (Isla del Cerrito 2600), Resistencia.<br \/>\nViernes 4 de agosto: Club Sarmiento (Av. Alvear 1950), Resistencia.<br \/>\nS\u00e1bado 5 de agosto: Sal\u00f3n Auditorio Tapeyac (avenida Moreno 45499), Fontana.<br \/>\nLunes 7 de agosto: Parque Lineal de Villa R\u00edo Negro, Resistencia.<br \/>\nMartes 8 de agosto: Polideportivo del Barrio Gran Toba, Resistencia.<br \/>\nMi\u00e9rcoles 9 de agosto: EEP N\u00b01056 del Barrio Don Santiago (avenida Taco Pozo y Margarita Bel\u00e9n), Resistencia.<\/p>\n","protected":false},"excerpt":{"rendered":"<p>Este martes la posta se ubicar\u00e1 en la Plazoleta P\u00fablica (Caracas y avenida Alberdi) de Resistencia, mientras que ma\u00f1ana mi\u00e9rcoles ser\u00e1 en el Centro de Salud del Barrio 17 de Julio. El jueves en el Centro de Salud de Villa Barber\u00e1n y el viernes 4 en el Club Sarmiento. La propuesta del programa de Salud [&hellip;]<\/p>\n","protected":false},"author":1,"featured_media":24673,"comment_status":"closed","ping_status":"closed","sticky":false,"template":"","format":"standard","meta":{"footnotes":""},"categories":[6],"tags":[],"class_list":{"0":"post-24672","1":"post","2":"type-post","3":"status-publish","4":"format-standard","5":"has-post-thumbnail","7":"category-chaco"},"_links":{"self":[{"href":"https:\/\/chacosintesis.com.ar\/index.php\/wp-json\/wp\/v2\/posts\/24672","targetHints":{"allow":["GET"]}}],"collection":[{"href":"https:\/\/chacosintesis.com.ar\/index.php\/wp-json\/wp\/v2\/posts"}],"about":[{"href":"https:\/\/chacosintesis.com.ar\/index.php\/wp-json\/wp\/v2\/types\/post"}],"author":[{"embeddable":true,"href":"https:\/\/chacosintesis.com.ar\/index.php\/wp-json\/wp\/v2\/users\/1"}],"replies":[{"embeddable":true,"href":"https:\/\/chacosintesis.com.ar\/index.php\/wp-json\/wp\/v2\/comments?post=24672"}],"version-history":[{"count":0,"href":"https:\/\/chacosintesis.com.ar\/index.php\/wp-json\/wp\/v2\/posts\/24672\/revisions"}],"wp:featuredmedia":[{"embeddable":true,"href":"https:\/\/chacosintesis.com.ar\/index.php\/wp-json\/wp\/v2\/media\/24673"}],"wp:attachment":[{"href":"https:\/\/chacosintesis.com.ar\/index.php\/wp-json\/wp\/v2\/media?parent=24672"}],"wp:term":[{"taxonomy":"category","embeddable":true,"href":"https:\/\/chacosintesis.com.ar\/index.php\/wp-json\/wp\/v2\/categories?post=24672"},{"taxonomy":"post_tag","embeddable":true,"href":"https:\/\/chacosintesis.com.ar\/index.php\/wp-json\/wp\/v2\/tags?post=24672"}],"curies":[{"name":"wp","href":"https:\/\/api.w.org\/{rel}","templated":true}]}}