{"id":24668,"date":"2023-08-01T15:44:09","date_gmt":"2023-08-01T18:44:09","guid":{"rendered":"https:\/\/chacosintesis.com.ar\/?p=24668"},"modified":"2023-08-01T16:06:49","modified_gmt":"2023-08-01T19:06:49","slug":"capitanich-presento-una-nueva-linea-de-financiamiento-del-nuevo-banco-del-chaco","status":"publish","type":"post","link":"https:\/\/chacosintesis.com.ar\/index.php\/capitanich-presento-una-nueva-linea-de-financiamiento-del-nuevo-banco-del-chaco\/","title":{"rendered":"Capitanich present\u00f3 una nueva l\u00ednea de financiamiento del Nuevo Banco del Chaco"},"content":{"rendered":"<p>\u201cEste esquema permite tener una tasa de inter\u00e9s m\u00e1s accesible y garantizar la ejecuci\u00f3n de sus actividades\u201d, destac\u00f3 el gobernador Capitanich.<br \/>\nEsta ma\u00f1ana, el gobernador Jorge Milton Capitanich junto al presidente del Nuevo Banco del Chaco, Federico Mu\u00f1oz Femen\u00eda, al Ministro Industria, Producci\u00f3n y Empleo, Sebasti\u00e1n Lifton y el titular de Fogach, Adri\u00e1n Ernesto Atanasoff, encabezaron el lanzamiento de la L\u00ednea de financiamiento Crecer. La misma est\u00e1 destinada a micro y peque\u00f1os comercios de la provincia, adheridos a tarjeta tuya.<br \/>\nEn esta ocasi\u00f3n, Capitanich destac\u00f3: \u201cEstamos anunciando un financiamiento al capital de trabajo\u201d. \u201cLa provincia del Chaco tiene un fondo de Garant\u00eda (FOGACH) y es muy importante porque muchas peque\u00f1as y medianas empresas no tienen garant\u00eda y ese aval es lo que permite generar mecanismos de acceso en el mercado de capitales\u201d, remarc\u00f3.<br \/>\n\u201cEste esquema ayuda a peque\u00f1as y medianas empresas a tener un financiamiento con una tasa de inter\u00e9s m\u00e1s accesible\u201d, manifest\u00f3 el gobernador y agreg\u00f3 \u201ca su vez, les permite tener un flujo financiero que le permita garantizar la ejecuci\u00f3n de sus actividades\u201d.<\/p>\n<p>Adem\u00e1s, Capitanich adelant\u00f3: \u201cHemos requerido tambi\u00e9n al NBCH la posibilidad de generar un financiamiento adicional para trabajadores, empleados p\u00fablicos o personas f\u00edsicas\u201d. \u201cPor lo cual la semana que viene se anunciar\u00e1n una serie de medidas para extender los plazos, bajar la tasa de inter\u00e9s para propiciar un mecanismo de ayuda para que los trabajadores puedan tener una capacidad de utilizaci\u00f3n m\u00e1s adecuada de sus ingresos\u201d, enfatiz\u00f3.<br \/>\nEn este sentido, el gobernador destac\u00f3 que \u201cNBCH es una instituci\u00f3n que se posiciona muy bien y esto tiene un impacto muy favorable para industriales, comerciantes, personas f\u00edsicas y jur\u00eddicas, peque\u00f1as y medianas empresas que pueden hacer uso y disponibilidad de sus recursos\u201d.<br \/>\nPor su parte, el titular del NBCH, Federico Mu\u00f1oz Femen\u00eda mencion\u00f3: \u201cel 10 de agosto estaremos anunciando un pedido de gobernador, que tiene que ver con la refinanciaci\u00f3n de deudas para individuos por el NBCH para acompa\u00f1ar y ayudar no solo a los comercios y las empresas, sino tambi\u00e9n a las personas que tienen niveles de endeudamiento altos\u201d. \u201cEs necesario generar esquemas que le permitan mejorar el ingreso disponible mensual\u201d, remarc\u00f3.<br \/>\nLa L\u00ednea Crecer otorga financiamiento de hasta $10.000.000 por comercio (sujeto a calificaci\u00f3n crediticia) con una tasa de inter\u00e9s de 88% y un plazo de hasta 24 meses. Cuenta con el aval del Fogach y tendr\u00e1 vigencia desde el 10 de agosto al 30 de septiembre del corriente a\u00f1o.<\/p>\n","protected":false},"excerpt":{"rendered":"<p>\u201cEste esquema permite tener una tasa de inter\u00e9s m\u00e1s accesible y garantizar la ejecuci\u00f3n de sus actividades\u201d, destac\u00f3 el gobernador Capitanich. Esta ma\u00f1ana, el gobernador Jorge Milton Capitanich junto al presidente del Nuevo Banco del Chaco, Federico Mu\u00f1oz Femen\u00eda, al Ministro Industria, Producci\u00f3n y Empleo, Sebasti\u00e1n Lifton y el titular de Fogach, Adri\u00e1n Ernesto Atanasoff, [&hellip;]<\/p>\n","protected":false},"author":1,"featured_media":24669,"comment_status":"closed","ping_status":"closed","sticky":false,"template":"","format":"standard","meta":{"footnotes":""},"categories":[6],"tags":[],"class_list":{"0":"post-24668","1":"post","2":"type-post","3":"status-publish","4":"format-standard","5":"has-post-thumbnail","7":"category-chaco"},"_links":{"self":[{"href":"https:\/\/chacosintesis.com.ar\/index.php\/wp-json\/wp\/v2\/posts\/24668","targetHints":{"allow":["GET"]}}],"collection":[{"href":"https:\/\/chacosintesis.com.ar\/index.php\/wp-json\/wp\/v2\/posts"}],"about":[{"href":"https:\/\/chacosintesis.com.ar\/index.php\/wp-json\/wp\/v2\/types\/post"}],"author":[{"embeddable":true,"href":"https:\/\/chacosintesis.com.ar\/index.php\/wp-json\/wp\/v2\/users\/1"}],"replies":[{"embeddable":true,"href":"https:\/\/chacosintesis.com.ar\/index.php\/wp-json\/wp\/v2\/comments?post=24668"}],"version-history":[{"count":0,"href":"https:\/\/chacosintesis.com.ar\/index.php\/wp-json\/wp\/v2\/posts\/24668\/revisions"}],"wp:featuredmedia":[{"embeddable":true,"href":"https:\/\/chacosintesis.com.ar\/index.php\/wp-json\/wp\/v2\/media\/24669"}],"wp:attachment":[{"href":"https:\/\/chacosintesis.com.ar\/index.php\/wp-json\/wp\/v2\/media?parent=24668"}],"wp:term":[{"taxonomy":"category","embeddable":true,"href":"https:\/\/chacosintesis.com.ar\/index.php\/wp-json\/wp\/v2\/categories?post=24668"},{"taxonomy":"post_tag","embeddable":true,"href":"https:\/\/chacosintesis.com.ar\/index.php\/wp-json\/wp\/v2\/tags?post=24668"}],"curies":[{"name":"wp","href":"https:\/\/api.w.org\/{rel}","templated":true}]}}