{"id":24664,"date":"2023-08-01T15:38:19","date_gmt":"2023-08-01T18:38:19","guid":{"rendered":"https:\/\/chacosintesis.com.ar\/?p=24664"},"modified":"2023-08-01T16:06:48","modified_gmt":"2023-08-01T19:06:48","slug":"continua-abierta-la-inscripcion-para-participar-de-la-cuarta-edicion-del-festi-guiso-de-puerto-tirol","status":"publish","type":"post","link":"https:\/\/chacosintesis.com.ar\/index.php\/continua-abierta-la-inscripcion-para-participar-de-la-cuarta-edicion-del-festi-guiso-de-puerto-tirol\/","title":{"rendered":"Contin\u00faa abierta la inscripci\u00f3n para participar de la cuarta edici\u00f3n del Festi Guiso de Puerto Tirol"},"content":{"rendered":"<p>El evento gastron\u00f3mico se realizar\u00e1 en el Centro Cultural Municipal \u201cProfesor Horacio Ram\u00f3n Garc\u00eda\u201d en la localidad de Puerto Tirol, los d\u00edas 1 y 2 de septiembre. Hay un cupo de 30 cocineros. Sigue abierta la inscripci\u00f3n para los cocineros que quieran participar de  la cuarta edici\u00f3n del Festi Guiso que se realizar\u00e1 el 1 y 2 de septiembre en Puerto Tirol. Desde la organizaci\u00f3n del evento gastron\u00f3mico se\u00f1alaron que existe un cupo de 30 cocineros ( y sus respectivos equipos). En este punto destacaron la convocatoria del evento, que al poco tiempo de abrirse la inscripci\u00f3n, el pasado mi\u00e9rcoles 26, ya se anotaron unos 20 cocineros.<br \/>\nEn declaraciones a Chaco TV, los organizadores aseguraron que los cocineros que se presenten tienen que contar con todos los materiales, utensilios que vayan a utilizar y deben calcular un m\u00ednimo de 30 porciones.<br \/>\nEl evento se realizar\u00e1 en el Centro Cultural Municipal \u201cProfesor Horacio Ram\u00f3n Garc\u00eda\u201d en la localidad de Puerto Tirol, los d\u00edas 1 y 2 de septiembre.<br \/>\n\u201cEste es un festival joven que va por su cuarta edici\u00f3n. Estamos en proceso de rearmado, para que todos salgan conformes. Tuvimos que modificar muchas cosas en cuanto al reglamento, en cuanto a los ingredientes que se pueden utilizar, en cu\u00e1les no, al tiempo de trabajo, al tiempo de cocci\u00f3n, a la hora que arranca cada cocinero. Entonces fuimos armando un reglamento acorde a las necesidades que nos hac\u00edan saber los cocineros del a\u00f1o pasado\u201d, se\u00f1alaron.<\/p>\n<p>Cronograma<br \/>\nDe acuerdo al cronograma establecido el festival comienza el viernes 1 de septiembre con un acto inaugural donde se presentan a los jurados, tambi\u00e9n a los cocineros de cada equipo . El s\u00e1bado es la competencia a partir de las 16 horas, donde los cocineros y sus equipos pueden armar su stand, el puesto de cocina y empezar a cocinar hasta las 21.<br \/>\nA las 21 horas todos los cocineros tienen que estar con sus platos ya listos para la degustaci\u00f3n del jurado. Para m\u00e1s informaci\u00f3n los interesados pueden visitar las redes sociales  del Festi Guiso en Facebook o Instagram como Festival del Guiso o a trav\u00e9s de un tel\u00e9fono celular que es 3624 235110.<\/p>\n","protected":false},"excerpt":{"rendered":"<p>El evento gastron\u00f3mico se realizar\u00e1 en el Centro Cultural Municipal \u201cProfesor Horacio Ram\u00f3n Garc\u00eda\u201d en la localidad de Puerto Tirol, los d\u00edas 1 y 2 de septiembre. Hay un cupo de 30 cocineros. Sigue abierta la inscripci\u00f3n para los cocineros que quieran participar de la cuarta edici\u00f3n del Festi Guiso que se realizar\u00e1 el 1 [&hellip;]<\/p>\n","protected":false},"author":1,"featured_media":24665,"comment_status":"closed","ping_status":"closed","sticky":false,"template":"","format":"standard","meta":{"footnotes":""},"categories":[6],"tags":[],"class_list":{"0":"post-24664","1":"post","2":"type-post","3":"status-publish","4":"format-standard","5":"has-post-thumbnail","7":"category-chaco"},"_links":{"self":[{"href":"https:\/\/chacosintesis.com.ar\/index.php\/wp-json\/wp\/v2\/posts\/24664","targetHints":{"allow":["GET"]}}],"collection":[{"href":"https:\/\/chacosintesis.com.ar\/index.php\/wp-json\/wp\/v2\/posts"}],"about":[{"href":"https:\/\/chacosintesis.com.ar\/index.php\/wp-json\/wp\/v2\/types\/post"}],"author":[{"embeddable":true,"href":"https:\/\/chacosintesis.com.ar\/index.php\/wp-json\/wp\/v2\/users\/1"}],"replies":[{"embeddable":true,"href":"https:\/\/chacosintesis.com.ar\/index.php\/wp-json\/wp\/v2\/comments?post=24664"}],"version-history":[{"count":0,"href":"https:\/\/chacosintesis.com.ar\/index.php\/wp-json\/wp\/v2\/posts\/24664\/revisions"}],"wp:featuredmedia":[{"embeddable":true,"href":"https:\/\/chacosintesis.com.ar\/index.php\/wp-json\/wp\/v2\/media\/24665"}],"wp:attachment":[{"href":"https:\/\/chacosintesis.com.ar\/index.php\/wp-json\/wp\/v2\/media?parent=24664"}],"wp:term":[{"taxonomy":"category","embeddable":true,"href":"https:\/\/chacosintesis.com.ar\/index.php\/wp-json\/wp\/v2\/categories?post=24664"},{"taxonomy":"post_tag","embeddable":true,"href":"https:\/\/chacosintesis.com.ar\/index.php\/wp-json\/wp\/v2\/tags?post=24664"}],"curies":[{"name":"wp","href":"https:\/\/api.w.org\/{rel}","templated":true}]}}