{"id":24652,"date":"2023-08-01T12:25:29","date_gmt":"2023-08-01T15:25:29","guid":{"rendered":"https:\/\/chacosintesis.com.ar\/?p=24652"},"modified":"2023-08-01T12:37:14","modified_gmt":"2023-08-01T15:37:14","slug":"gloria-romero-le-pedi-al-presidente-la-intervencion-de-la-justicia","status":"publish","type":"post","link":"https:\/\/chacosintesis.com.ar\/index.php\/gloria-romero-le-pedi-al-presidente-la-intervencion-de-la-justicia\/","title":{"rendered":"Gloria Romero: &#8220;Le ped\u00ed al presidente la intervenci\u00f3n de la Justicia&#8221;"},"content":{"rendered":"<p>La mam\u00e1 de Cecilia Strzyzowski cont\u00f3 detalles de su encuentro con Alberto Fern\u00e1ndez en el que, adem\u00e1s, que otorgue los t\u00edtulos de propiedad de las viviendas a los integrantes del Movimiento Emerenciano.<\/p>\n<p>Gloria Romero, la madre de Cecilia Strzyzowski, encabez\u00f3 esta ma\u00f1ana una nueva movilizaci\u00f3n a las Fiscal\u00edas ubicadas en la avenida 9 de Julio para reiterar el pedido de justicia por la joven asesinada durante los primeros d\u00edas de junio y c\u00e1rcel efectiva para los acusados del femicidio que conmociona a la provincia.<br \/>\nEn las puertas de la sede judicial, realiz\u00f3 declaraciones a los medios en la que brind\u00f3 algunos detalles sobre su encuentro de ayer con el presidente, Alberto Fern\u00e1ndez, en el aeropuerto de Resistencia.<\/p>\n<p>&#8220;Le pregunt\u00e9 si para \u00e9l los detenidos en esta causa son presos pol\u00edticos y me respondi\u00f3 que no, que son asesinos&#8221;, puntualiz\u00f3 Romero.<br \/>\nAdem\u00e1s, cont\u00f3 que le pidi\u00f3 la &#8220;intervenci\u00f3n de la Justicia&#8221;, y que se le otorguen los t\u00edtulos de propiedad de las viviendas a los integrantes del Movimiento Emerenciano.<br \/>\nEn cuanto al car\u00e1cter reservado del encuentro, Romero dijo que &#8220;no sali\u00f3 en los medios&#8221; porque el jefe de Estado se reuni\u00f3 &#8220;como padre&#8221;. &#8220;No quer\u00edamos que se mezcle la pol\u00edtica: \u00e9l se reuni\u00f3 conmigo como vecino m\u00e1s, lo mismo pas\u00f3 con Larreta y Bullrich; y a todos les aclar\u00e9 que no los voy a votar&#8221;, asegur\u00f3.<br \/>\nFinalmente, cont\u00f3 reiter\u00f3 que no busca &#8220;votos, sino Justicia&#8221;. &#8220;Por eso voy a hablar con todos lo que quieran ayudarme a lograr justicia, no voy a militar para nadie ni voy a hacer pol\u00edtica para nadie&#8221;, cerr\u00f3.<br \/>\n DIARIO NORTE.-<\/p>\n","protected":false},"excerpt":{"rendered":"<p>La mam\u00e1 de Cecilia Strzyzowski cont\u00f3 detalles de su encuentro con Alberto Fern\u00e1ndez en el que, adem\u00e1s, que otorgue los t\u00edtulos de propiedad de las viviendas a los integrantes del Movimiento Emerenciano. Gloria Romero, la madre de Cecilia Strzyzowski, encabez\u00f3 esta ma\u00f1ana una nueva movilizaci\u00f3n a las Fiscal\u00edas ubicadas en la avenida 9 de Julio [&hellip;]<\/p>\n","protected":false},"author":1,"featured_media":24653,"comment_status":"closed","ping_status":"closed","sticky":false,"template":"","format":"standard","meta":{"footnotes":""},"categories":[6],"tags":[197],"class_list":{"0":"post-24652","1":"post","2":"type-post","3":"status-publish","4":"format-standard","5":"has-post-thumbnail","7":"category-chaco","8":"tag-destacada"},"_links":{"self":[{"href":"https:\/\/chacosintesis.com.ar\/index.php\/wp-json\/wp\/v2\/posts\/24652","targetHints":{"allow":["GET"]}}],"collection":[{"href":"https:\/\/chacosintesis.com.ar\/index.php\/wp-json\/wp\/v2\/posts"}],"about":[{"href":"https:\/\/chacosintesis.com.ar\/index.php\/wp-json\/wp\/v2\/types\/post"}],"author":[{"embeddable":true,"href":"https:\/\/chacosintesis.com.ar\/index.php\/wp-json\/wp\/v2\/users\/1"}],"replies":[{"embeddable":true,"href":"https:\/\/chacosintesis.com.ar\/index.php\/wp-json\/wp\/v2\/comments?post=24652"}],"version-history":[{"count":0,"href":"https:\/\/chacosintesis.com.ar\/index.php\/wp-json\/wp\/v2\/posts\/24652\/revisions"}],"wp:featuredmedia":[{"embeddable":true,"href":"https:\/\/chacosintesis.com.ar\/index.php\/wp-json\/wp\/v2\/media\/24653"}],"wp:attachment":[{"href":"https:\/\/chacosintesis.com.ar\/index.php\/wp-json\/wp\/v2\/media?parent=24652"}],"wp:term":[{"taxonomy":"category","embeddable":true,"href":"https:\/\/chacosintesis.com.ar\/index.php\/wp-json\/wp\/v2\/categories?post=24652"},{"taxonomy":"post_tag","embeddable":true,"href":"https:\/\/chacosintesis.com.ar\/index.php\/wp-json\/wp\/v2\/tags?post=24652"}],"curies":[{"name":"wp","href":"https:\/\/api.w.org\/{rel}","templated":true}]}}