{"id":24642,"date":"2023-07-31T20:16:00","date_gmt":"2023-07-31T23:16:00","guid":{"rendered":"https:\/\/chacosintesis.com.ar\/?p=24642"},"modified":"2023-07-31T20:37:07","modified_gmt":"2023-07-31T23:37:07","slug":"la-proxima-semana-inicia-el-pago-de-programas-provinciales","status":"publish","type":"post","link":"https:\/\/chacosintesis.com.ar\/index.php\/la-proxima-semana-inicia-el-pago-de-programas-provinciales\/","title":{"rendered":"La pr\u00f3xima semana inicia el pago de Programas Provinciales"},"content":{"rendered":"<p>El cronograma inicia el martes 8 con el Programa Expertos. Tambi\u00e9n se abonar\u00e1 M\u00e1s Inclusi\u00f3n y Renta M\u00ednima Progresiva. El cronograma contin\u00faa con Servicio de Mantenimiento de Establecimientos Escolares, becas del Instituto del Deporte y contratos de Cultura.<br \/>\nEl Ministerio de Planificaci\u00f3n, Econom\u00eda e Infraestructura inform\u00f3 el cronograma de pagos de programas provinciales, que, como es habitual, comenzar\u00e1 con las y los beneficiarios del programa Expertos, dependientes del Ministerio de Salud P\u00fablica, que cobrar\u00e1n el pr\u00f3ximo martes 8 de agosto.<br \/>\nEl cronograma de pagos continuar\u00e1 el pr\u00f3ximo mi\u00e9rcoles 9 de agosto, cuando sea el turno de las y los beneficiarios del programa M\u00e1s Inclusi\u00f3n, dependiente del Ministerio de Desarrollo Social.<br \/>\nEn tanto, Renta M\u00ednima Progresiva, tambi\u00e9n dependiente de Desarrollo Social, se abonar\u00e1 en dos d\u00edas ya que el pago se realizar\u00e1 por terminaci\u00f3n de los n\u00fameros de documento.<br \/>\nEl pr\u00f3ximo jueves 10 de agosto cobrar\u00e1n las personas beneficiarias con documentos terminados en 0, 1, 2, 3 y 4. Posteriormente, el viernes 11 de agosto, lo har\u00e1n quienes tengan DNI terminados en 5, 6, 7, 8 y 9.<br \/>\nAdem\u00e1s, seg\u00fan el cronograma difundido por el Ministerio de Planificaci\u00f3n, Econom\u00eda e Infraestructura, el pr\u00f3ximo jueves 10 de agosto ser\u00e1 el turno de beneficiarias y beneficiarios del Servicio de Mantenimiento de Establecimientos Educativos, dependiente del Ministerio de Educaci\u00f3n chaque\u00f1o.<br \/>\nEn tanto, el pr\u00f3ximo lunes 14 de agosto cobrar\u00e1n las y los becarios del Instituto del Deporte y contratadas y contratados del Instituto de Cultura.<br \/>\nLos salarios se depositar\u00e1n en las cuentas del Nuevo Banco del Chaco (NBCH), por lo que la cartera econ\u00f3mica recuerda que los fondos estar\u00e1n disponibles a trav\u00e9s de todos los canales electr\u00f3nicos de la entidad financiera.<br \/>\nCronograma<br \/>\n\u2022 Programa Expertos: martes 8 de agosto.<br \/>\n\u2022 M\u00e1s inclusi\u00f3n: mi\u00e9rcoles 9 de agosto.<br \/>\n\u2022 Renta M\u00ednima Progresiva: jueves 10 de agosto (DNI terminados en 0, 1, 2, 3 y 4); viernes 11 de agosto (DNI terminados en 5, 6, 7, 8 y 9).<br \/>\n\u2022 Servicio de Mantenimiento de Establecimientos Educativos: jueves 10 de agosto.<br \/>\n\u2022 Becas Instituto del Deporte: lunes 14 de agosto.<br \/>\n\u2022 Becas Instituto de Cultura: lunes 14 de agosto.<\/p>\n","protected":false},"excerpt":{"rendered":"<p>El cronograma inicia el martes 8 con el Programa Expertos. Tambi\u00e9n se abonar\u00e1 M\u00e1s Inclusi\u00f3n y Renta M\u00ednima Progresiva. El cronograma contin\u00faa con Servicio de Mantenimiento de Establecimientos Escolares, becas del Instituto del Deporte y contratos de Cultura. El Ministerio de Planificaci\u00f3n, Econom\u00eda e Infraestructura inform\u00f3 el cronograma de pagos de programas provinciales, que, como [&hellip;]<\/p>\n","protected":false},"author":1,"featured_media":24643,"comment_status":"closed","ping_status":"closed","sticky":false,"template":"","format":"standard","meta":{"footnotes":""},"categories":[6],"tags":[],"class_list":{"0":"post-24642","1":"post","2":"type-post","3":"status-publish","4":"format-standard","5":"has-post-thumbnail","7":"category-chaco"},"_links":{"self":[{"href":"https:\/\/chacosintesis.com.ar\/index.php\/wp-json\/wp\/v2\/posts\/24642","targetHints":{"allow":["GET"]}}],"collection":[{"href":"https:\/\/chacosintesis.com.ar\/index.php\/wp-json\/wp\/v2\/posts"}],"about":[{"href":"https:\/\/chacosintesis.com.ar\/index.php\/wp-json\/wp\/v2\/types\/post"}],"author":[{"embeddable":true,"href":"https:\/\/chacosintesis.com.ar\/index.php\/wp-json\/wp\/v2\/users\/1"}],"replies":[{"embeddable":true,"href":"https:\/\/chacosintesis.com.ar\/index.php\/wp-json\/wp\/v2\/comments?post=24642"}],"version-history":[{"count":0,"href":"https:\/\/chacosintesis.com.ar\/index.php\/wp-json\/wp\/v2\/posts\/24642\/revisions"}],"wp:featuredmedia":[{"embeddable":true,"href":"https:\/\/chacosintesis.com.ar\/index.php\/wp-json\/wp\/v2\/media\/24643"}],"wp:attachment":[{"href":"https:\/\/chacosintesis.com.ar\/index.php\/wp-json\/wp\/v2\/media?parent=24642"}],"wp:term":[{"taxonomy":"category","embeddable":true,"href":"https:\/\/chacosintesis.com.ar\/index.php\/wp-json\/wp\/v2\/categories?post=24642"},{"taxonomy":"post_tag","embeddable":true,"href":"https:\/\/chacosintesis.com.ar\/index.php\/wp-json\/wp\/v2\/tags?post=24642"}],"curies":[{"name":"wp","href":"https:\/\/api.w.org\/{rel}","templated":true}]}}