{"id":24626,"date":"2023-07-31T18:26:09","date_gmt":"2023-07-31T21:26:09","guid":{"rendered":"https:\/\/chacosintesis.com.ar\/?p=24626"},"modified":"2023-07-31T18:36:55","modified_gmt":"2023-07-31T21:36:55","slug":"capitanich-y-fernandez-abrieron-el-congreso-de-discapacidad-en-el-chaco-esto-forma-parte-de-una-politica-de-estado","status":"publish","type":"post","link":"https:\/\/chacosintesis.com.ar\/index.php\/capitanich-y-fernandez-abrieron-el-congreso-de-discapacidad-en-el-chaco-esto-forma-parte-de-una-politica-de-estado\/","title":{"rendered":"Capitanich y Fern\u00e1ndez abrieron el Congreso de Discapacidad en el Chaco: \u201cEsto forma parte de una pol\u00edtica de Estado\u201d"},"content":{"rendered":"<p>Adem\u00e1s, el gobernador oficializ\u00f3 la llegada de 100 mil pensiones no contributivas a la provincia para beneficio de la poblaci\u00f3n con discapacidad durante los meses de agosto y septiembre.<br \/>\nEl gobernador de la provincia, Jorge Capitanich, realiz\u00f3 este lunes la apertura del 7\u00b0 Congreso Internacional de Discapacidad organizado en el Chaco junto al presidente de la Naci\u00f3n, Alberto Fern\u00e1ndez, donde destac\u00f3 la importancia del evento y anunci\u00f3 la llegada de nuevas pensiones no contributivas destinadas a personas con discapacidad.<br \/>\nDurante la apertura, el gobernador record\u00f3 que la provincia \u201cnecesitaba una pol\u00edtica de Estado y un conjunto de medidas que trasciendan en el tiempo, por eso desde 2012 venimos organizando eventos y llevamos adelante pol\u00edticas que plasman hechos concretos\u201d, y sostuvo que \u201ceste congreso nos inspirar\u00e1 a hacer los cambios necesarios para lograr los resultados que todos los a\u00f1os podemos mostrar, es un polo que lleg\u00f3 para quedarse, que forma parte de una pol\u00edtica de Estado para sensibilizar, entender y transformar la realidad con igualdad de oportunidades\u201d.<br \/>\nEn marco del evento, el gobernador anunci\u00f3 que Chaco recibir\u00e1 100.000 nuevas pensiones no contributivas entre los meses de agosto y septiembre a trav\u00e9s del Gobierno Nacional, lo cual destac\u00f3 \u201ces el m\u00e1ximo nivel de inclusi\u00f3n en la historia de la provincia, y nos va a permitir garantizar un derecho social\u201d.<br \/>\nAdem\u00e1s, record\u00f3 que en 2007 se contabilizaban entregados s\u00f3lo 1.500 Certificados \u00danicos de Discapacidad, los cuales a la fecha ya superan los 53.000 generados a trav\u00e9s de las 9 sedes creadas durante ese lapso de tiempo. A esto, agreg\u00f3 que \u201choy llegamos ya a casi 3.000 soluciones habitacionales, tenemos una historia de casi 23.000 ayudas t\u00e9cnicas, casi 50.000 personas registradas y cerca de 230 mil consultas recibidas, tenemos cerca de 5.000 personas incluidas en el sistema de educaci\u00f3n especial a trav\u00e9s de 100 instituciones y  hemos podido inaugurar boleter\u00edas \u00fanicas en las terminales\u201d.<br \/>\n\u201cLa discapacidad es una construcci\u00f3n social, y existe la necesidad de una mirada en torno a las buenas pr\u00e1cticas y sus potencialidades. Hoy queremos hablar de capacidades\u201d, se\u00f1al\u00f3, y concluy\u00f3 que \u201ctodo esto nos permite hacer una interpelaci\u00f3n de que es necesario humanizar, pensar y hablar de capacidades con una mirada sensible. Visibilizar las pol\u00edticas en torno al tema y generar empat\u00eda en las personas como parte de un escenario importante\u201d<br \/>\nDel evento, junto al gobernador Jorge Capitanich, y el presidente Alberto Fern\u00e1ndez, participaron la vicegobernadora Anal\u00eda Rach Quiroga, el presidente de Iprodich, Jos\u00e9 Lorenz, el presidente Agencia Nacional de Discapacidad, Fernando Galarraga, y el presidente de COMAU, Orlando Terre Camacho. El encuentro se extender\u00e1 hasta el mi\u00e9rcoles en el Centro de Convenciones de la ciudad de Resistencia, mientras que el jueves y viernes tendr\u00e1 lugar en las localidades de General San Mart\u00edn y Charata.<br \/>\nInversi\u00f3n para la inclusi\u00f3n<br \/>\nPor su parte, el presidente de la Naci\u00f3n remarc\u00f3 la gran convocatoria en la apertura del Congreso, y convoc\u00f3 a pensar una utop\u00eda de toda la Argentina para \u201cvivir en un pa\u00eds con justicia social\u201d. \u201cSi so\u00f1amos todos juntos vamos a hacer una Argentina m\u00e1s justa como nos merecemos\u201d, asegur\u00f3, y refiri\u00f3 que hoy \u201cestamos en un tiempo donde en Argentina debemos elegir, y no todo es lo mismo en pol\u00edtica\u201d.<br \/>\n\u201cCuando nosotros llegamos, la deuda del Estado Nacional con los prestadores era de $5.100 millones, al d\u00eda 90 nos hab\u00edamos puesto de acuerdo con todos ellos y paramos el enorme enojo que ten\u00edan. A partir de entonces, el t\u00e9rmino de pago se redujo a 45 d\u00edas, pero antes que llegaramos era entre 100 y 120 d\u00edas\u201d, record\u00f3 en comparaci\u00f3n a la gesti\u00f3n de Juntos por el Cambio, durante la presidencia de Mauricio Macri (2015-2019).<br \/>\nAdem\u00e1s, agreg\u00f3 que \u201cdurante toda la gesti\u00f3n del Gobierno que me precedi\u00f3 se entregaron 163.198 prestaciones no contributivas y se dieron de baja 170.000 y dejaron sin respuestas 140.000. De las que entregaron, nosotros entregamos 350.000, m\u00e1s del doble. Las 170.000 que se dieron de baja se restituyeron todas\u201d, y sum\u00f3 que \u201ctambi\u00e9n logramos dar 40.000 pensiones m\u00e1s producto de mecanismos mucho m\u00e1s \u00e1giles para acceder\u201d<br \/>\n\u201cLa pensi\u00f3n contributiva no es un beneficio, es un derecho que tienen las personas con discapacidad, y esta mirada es muy distinta. Donde hay un derecho hay una necesidad, y para ellos, donde hay un derecho hay un decreto que lo derogue. Esa es la diferencia\u201d, sostuvo, y remarc\u00f3 que \u201cest\u00e1 visto que si damos condiciones, las posibilidades de desarrollo existen. Lo \u00e9tico es ocuparnos del problema del otro, por eso, no olviden lo que Coqui hizo todos estos a\u00f1os por el Chaco, es un gran gobernador, tiene la sensibilidad sobre las necesidades de los m\u00e1s humildes, no pierdan la oportunidad de tenerlo nuevamente\u201d.<br \/>\n\u201cEs una misa de la inclusi\u00f3n\u201d, destac\u00f3 el presidente de Iprodich<br \/>\nJos\u00e9 Lorenzo, titular del Instituto Provincial de Personas con Discapacidad del Chaco (Iprodich), remarc\u00f3 la organizaci\u00f3n del evento que desde 2011 se desarrolla en la provincia con una masiva participaci\u00f3n de espectadores y expositores nacionales y extranjeros.<br \/>\n\u201cQuiero agradecer al gobernador por este tiempo compartido, de estar y acompa\u00f1ar desde el primer d\u00eda, pero sobre todo por el amor y la sensibilidad puesta de manifiesto de forma personal o mediante los organismos del Estado en beneficio de las personas con discapacidad. Entre todos hemos logrado que Chaco sea considerado polo nacional e internacional de la discapacidad\u201d, manifest\u00f3.<\/p>\n","protected":false},"excerpt":{"rendered":"<p>Adem\u00e1s, el gobernador oficializ\u00f3 la llegada de 100 mil pensiones no contributivas a la provincia para beneficio de la poblaci\u00f3n con discapacidad durante los meses de agosto y septiembre. El gobernador de la provincia, Jorge Capitanich, realiz\u00f3 este lunes la apertura del 7\u00b0 Congreso Internacional de Discapacidad organizado en el Chaco junto al presidente de [&hellip;]<\/p>\n","protected":false},"author":1,"featured_media":24627,"comment_status":"closed","ping_status":"closed","sticky":false,"template":"","format":"standard","meta":{"footnotes":""},"categories":[6],"tags":[],"class_list":{"0":"post-24626","1":"post","2":"type-post","3":"status-publish","4":"format-standard","5":"has-post-thumbnail","7":"category-chaco"},"_links":{"self":[{"href":"https:\/\/chacosintesis.com.ar\/index.php\/wp-json\/wp\/v2\/posts\/24626","targetHints":{"allow":["GET"]}}],"collection":[{"href":"https:\/\/chacosintesis.com.ar\/index.php\/wp-json\/wp\/v2\/posts"}],"about":[{"href":"https:\/\/chacosintesis.com.ar\/index.php\/wp-json\/wp\/v2\/types\/post"}],"author":[{"embeddable":true,"href":"https:\/\/chacosintesis.com.ar\/index.php\/wp-json\/wp\/v2\/users\/1"}],"replies":[{"embeddable":true,"href":"https:\/\/chacosintesis.com.ar\/index.php\/wp-json\/wp\/v2\/comments?post=24626"}],"version-history":[{"count":0,"href":"https:\/\/chacosintesis.com.ar\/index.php\/wp-json\/wp\/v2\/posts\/24626\/revisions"}],"wp:featuredmedia":[{"embeddable":true,"href":"https:\/\/chacosintesis.com.ar\/index.php\/wp-json\/wp\/v2\/media\/24627"}],"wp:attachment":[{"href":"https:\/\/chacosintesis.com.ar\/index.php\/wp-json\/wp\/v2\/media?parent=24626"}],"wp:term":[{"taxonomy":"category","embeddable":true,"href":"https:\/\/chacosintesis.com.ar\/index.php\/wp-json\/wp\/v2\/categories?post=24626"},{"taxonomy":"post_tag","embeddable":true,"href":"https:\/\/chacosintesis.com.ar\/index.php\/wp-json\/wp\/v2\/tags?post=24626"}],"curies":[{"name":"wp","href":"https:\/\/api.w.org\/{rel}","templated":true}]}}