{"id":24624,"date":"2023-07-31T18:23:42","date_gmt":"2023-07-31T21:23:42","guid":{"rendered":"https:\/\/chacosintesis.com.ar\/?p=24624"},"modified":"2023-07-31T18:36:54","modified_gmt":"2023-07-31T21:36:54","slug":"la-mejor-inversion-es-la-destinada-a-la-inclusion-dijo-el-presidente-alberto-fernandez","status":"publish","type":"post","link":"https:\/\/chacosintesis.com.ar\/index.php\/la-mejor-inversion-es-la-destinada-a-la-inclusion-dijo-el-presidente-alberto-fernandez\/","title":{"rendered":"&#8220;La mejor inversi\u00f3n es la destinada a la inclusi\u00f3n&#8221;, dijo el presidente Alberto Fern\u00e1ndez"},"content":{"rendered":"<p>El presidente de la Naci\u00f3n, Alberto Fern\u00e1ndez junto al gobernador Jorge Capitanich realizaron la apertura del VII Congreso Internacional sobre Discapacidad en la provincia del Chaco. Bajo el lema \u201cQueremos hablar de capacidad\u201d, el congreso se desarrolla en las localidades de Resistencia, Charata y General San Mart\u00edn.<br \/>\nEn la apertura del VII Congreso Internacional sobre Discapacidad que se realiza en el Chaco, el presidente de la Naci\u00f3n Alberto Fern\u00e1ndez sostuvo este lunes que &#8220;no hay mejor plata invertida por el Estado que la que sirve para incluir a hermanos y hermanas a la comunidad y darle mejores condiciones de vida a aquellos que est\u00e1n reclamando mejores condiciones de vida&#8221;.<br \/>\nEl mandatario se expres\u00f3 en estos t\u00e9rminos al encabezar en Chaco, junto al gobernador Jorge Capitanich, la apertura del VII Congreso Internacional sobre Discapacidad.<br \/>\n&#8220;La pensi\u00f3n no contributiva es un derecho que tienen las personas con discapacidad&#8221;, afirm\u00f3 el Presidente y contrapuso que esa mirada &#8220;es muy distinta&#8221; a la de otros sectores, al advertir que &#8220;si creo que es un beneficio, puedo otorgarlo o no, pero si creo que es un derecho debo reconocerlo y punto&#8221;.<br \/>\n&#8220;As\u00ed como otorgamos derechos a las minor\u00edas tenemos que otorgar derechos a las personas que tienen alguna discapacidad, porque est\u00e1 visto que, si les damos condiciones, las posibilidades de desarrollo existen&#8221;, afirm\u00f3 el mandatario desde Chaco.<br \/>\nEl evento,  bajo el lema \u201cQueremos hablar de capacidad\u201d, se desarrolla en las localidades de Resistencia, Charata, y General San Mart\u00edn.<br \/>\nEs la cuarta vez en el a\u00f1o que Fern\u00e1ndez llega a la provincia, y la d\u00e9cima desde que es jefe de Estado, destac\u00f3 el Gobierno chaque\u00f1o.<br \/>\nDel acto particip\u00f3 tambi\u00e9n la vicegobernadora Anal\u00eda Rach Quiroga; el director ejecutivo de la Agencia Nacional de Discapacidad (ANDIS), Fernando Galarraga; el presidente del Instituto Provincial para la Inclusi\u00f3n de las Personas con Discapacidad (Iprodich), Jos\u00e9 Lorenzo, y el presidente del Consejo Mundial de Acad\u00e9micos e Investigadores Universitarios (Comau), Orlando Terre Camacho, inform\u00f3 Presidencia en un comunicado.<br \/>\nEl VII Congreso Internacional sobre Discapacidad (CID) se desarrollar\u00e1 hasta el mi\u00e9rcoles en el Centro de Convenciones Gala en Resistencia y el jueves y viernes en San Mart\u00edn y Charata.<br \/>\nLa actividad se enmarca en los 15 a\u00f1os de la entrada en vigor de la Convenci\u00f3n sobre los derechos de las personas con discapacidad y se une al Foro Global para la inclusi\u00f3n y la discapacidad comprometida con los objetivos de la agenda 2030.<br \/>\nEl encuentro est\u00e1 destinado a profesionales, docentes y estudiantes relacionados con la discapacidad, y contar\u00e1 con reconocidos y reconocidas disertantes de Bolivia, Brasil, Chile, Colombia, Cuba, Ecuador, Espa\u00f1a, Estados Unidos, Francia, M\u00e9xico, Panam\u00e1, Paraguay, Per\u00fa, Uruguay y Argentina.<\/p>\n<p>Un congreso &#8220;muy significativo&#8221;<br \/>\nEl director ejecutivo de la Agencia Nacional de Discapacidad (Andis), Fernando Galarraga, valor\u00f3 como &#8220;muy significativo&#8221; el desarrollo del VII Congreso Internacional sobre Discapacidad que se llevar\u00e1 a cabo en Chaco.<br \/>\n&#8220;Esa inclusi\u00f3n real, que nosotros decimos tiene que manifestarse en la vida cotidiana de las personas con discapacidad, es un camino que Argentina est\u00e1 transitando&#8221;, destac\u00f3 el funcionario, en declaraciones a T\u00e9lam Radio.<br \/>\nEl Congreso Internacional contar\u00e1 con disertantes de Bolivia, Brasil, Chile, Colombia, Cuba, Ecuador, Espa\u00f1a, Estados Unidos, Francia, M\u00e9xico, Panam\u00e1, Paraguay, Per\u00fa, Uruguay y Argentina y permitir\u00e1 &#8220;seguir debatiendo y construyendo estrategias para ampliar los derechos y para avanzar hacia una inclusi\u00f3n real&#8221;, destac\u00f3 Galarraga.<br \/>\nEl titular de la Andis sostuvo la necesidad de que la accesibilidad &#8220;sea un valor presente en todas nuestras pr\u00e1cticas cotidianas de la sociedad general&#8221; y remarc\u00f3 la importancia que juega &#8220;el rol del Estado&#8221;.<br \/>\nEn este sentido, Galarraga se\u00f1al\u00f3 que el papel del Estado &#8220;es clave&#8221; y ponder\u00f3 &#8220;el valor que para nosotros, para nuestro gobierno, tiene esta tem\u00e1tica&#8221;.<br \/>\nFuente: T\u00e9lam<\/p>\n","protected":false},"excerpt":{"rendered":"<p>El presidente de la Naci\u00f3n, Alberto Fern\u00e1ndez junto al gobernador Jorge Capitanich realizaron la apertura del VII Congreso Internacional sobre Discapacidad en la provincia del Chaco. Bajo el lema \u201cQueremos hablar de capacidad\u201d, el congreso se desarrolla en las localidades de Resistencia, Charata y General San Mart\u00edn. En la apertura del VII Congreso Internacional sobre [&hellip;]<\/p>\n","protected":false},"author":1,"featured_media":24625,"comment_status":"closed","ping_status":"closed","sticky":false,"template":"","format":"standard","meta":{"footnotes":""},"categories":[6],"tags":[],"class_list":{"0":"post-24624","1":"post","2":"type-post","3":"status-publish","4":"format-standard","5":"has-post-thumbnail","7":"category-chaco"},"_links":{"self":[{"href":"https:\/\/chacosintesis.com.ar\/index.php\/wp-json\/wp\/v2\/posts\/24624","targetHints":{"allow":["GET"]}}],"collection":[{"href":"https:\/\/chacosintesis.com.ar\/index.php\/wp-json\/wp\/v2\/posts"}],"about":[{"href":"https:\/\/chacosintesis.com.ar\/index.php\/wp-json\/wp\/v2\/types\/post"}],"author":[{"embeddable":true,"href":"https:\/\/chacosintesis.com.ar\/index.php\/wp-json\/wp\/v2\/users\/1"}],"replies":[{"embeddable":true,"href":"https:\/\/chacosintesis.com.ar\/index.php\/wp-json\/wp\/v2\/comments?post=24624"}],"version-history":[{"count":0,"href":"https:\/\/chacosintesis.com.ar\/index.php\/wp-json\/wp\/v2\/posts\/24624\/revisions"}],"wp:featuredmedia":[{"embeddable":true,"href":"https:\/\/chacosintesis.com.ar\/index.php\/wp-json\/wp\/v2\/media\/24625"}],"wp:attachment":[{"href":"https:\/\/chacosintesis.com.ar\/index.php\/wp-json\/wp\/v2\/media?parent=24624"}],"wp:term":[{"taxonomy":"category","embeddable":true,"href":"https:\/\/chacosintesis.com.ar\/index.php\/wp-json\/wp\/v2\/categories?post=24624"},{"taxonomy":"post_tag","embeddable":true,"href":"https:\/\/chacosintesis.com.ar\/index.php\/wp-json\/wp\/v2\/tags?post=24624"}],"curies":[{"name":"wp","href":"https:\/\/api.w.org\/{rel}","templated":true}]}}