{"id":24622,"date":"2023-07-31T18:21:49","date_gmt":"2023-07-31T21:21:49","guid":{"rendered":"https:\/\/chacosintesis.com.ar\/?p=24622"},"modified":"2023-07-31T18:36:54","modified_gmt":"2023-07-31T21:36:54","slug":"el-gobierno-provincial-decreto-la-emergencia-de-seguridad-publica-y-penitenciaria","status":"publish","type":"post","link":"https:\/\/chacosintesis.com.ar\/index.php\/el-gobierno-provincial-decreto-la-emergencia-de-seguridad-publica-y-penitenciaria\/","title":{"rendered":"El Gobierno Provincial decret\u00f3 la emergencia de seguridad p\u00fablica y penitenciaria"},"content":{"rendered":"<p>La medida regir\u00e1 por un a\u00f1o. Tambi\u00e9n implica un abordaje de las acciones violentas y problem\u00e1ticas criminales en el marco de los paradigmas de la seguridad democr\u00e1tica.<br \/>\nComo parte del Plan de Seguridad \u201cEscuchar para hacer\u201d, el gobernador Jorge Capitanich firm\u00f3 el decreto provincial N\u00b02076, que oficializa la emergencia en materia de seguridad p\u00fablica y penitenciaria en todo el territorio de la provincia del Chaco por el plazo de un a\u00f1o.<br \/>\n\u201cComo encargados de la elaboraci\u00f3n de las pol\u00edticas p\u00fablicas de seguridad, reconocemos que se deben pensar estrategias para atender de manera urgente las diferentes demandas y necesidades de los chaque\u00f1os y las chaque\u00f1as, con la convicci\u00f3n de que las pol\u00edticas p\u00fablicas bien elaboradas y coherentes con el contexto sociopol\u00edtico garanticen derechos, fortalezcan a las instituciones y llevan a la ciudadan\u00eda soluciones concretas y eficaces\u201d, asegur\u00f3 Capitanich.<br \/>\nLa medida tiene como objetivo primordial atender las demandas de seguridad p\u00fablica y del sistema penitenciario provincial a los fines brindar seguridad a la poblaci\u00f3n, garantizar la protecci\u00f3n integral de la vida y resguardar los bienes p\u00fablicos y privados. Tambi\u00e9n se realizar\u00e1 un abordaje de las acciones violentas y las problem\u00e1ticas criminales en el marco de los paradigmas de la seguridad democr\u00e1tica.<br \/>\nLa autoridad de aplicaci\u00f3n de la medida ser\u00e1 el Ministerio de Seguridad y Justicia, a cargo de Gloria Zalazar, que tendr\u00e1 las facultades de aplicar un \u201cPlan de Contingencia\u201d con paradas seguras de colectivos, las cuales poseen un bot\u00f3n antip\u00e1nico que se conecta con el servicio 911.<br \/>\nEsto implica el fortalecimiento del sistema de videovigilancia a trav\u00e9s de la incorporaci\u00f3n 300 c\u00e1maras de seguridad para totalizar 1.500 de car\u00e1cter p\u00fablico, las que junto a la incorporaci\u00f3n de 2.000 c\u00e1maras privadas que visibilicen espacios p\u00fablicos, permitir\u00e1n alcanzar una meta de 3.500 artefactos en funcionamiento. Este plan tiene el objetivo de detectar, bloquear, esclarecer delitos e infracciones, identificar personas sospechosas o desaparecidas e incrementar el nivel de protecci\u00f3n de ciudadanos y ciudadanas.<br \/>\nAsimismo, se generar\u00e1n obras para crear 850 nuevos cupos para alojamiento en el Servicio Penitenciario y de Readaptaci\u00f3n Social, y se implementar\u00e1 el Programa de capacitaci\u00f3n continua para los agentes de Polic\u00eda y del Servicio Penitenciario y de Readaptaci\u00f3n Social.<br \/>\nPrevenci\u00f3n y combate al delito<br \/>\nEl decreto provincial impulsa una serie de medidas para combatir el funcionamiento de los mercados ilegales, a fin de fortalecer el control del lavado de activos provenientes del narcotr\u00e1fico, que atraviesan el sistema financiero.<br \/>\nPor otra parte, el Gobierno provincial, a trav\u00e9s del Ministerio de Seguridad y Justicia, fortalecer\u00e1 las acciones para la persecuci\u00f3n de todas las actividades il\u00edcitas relacionadas con las armas de fuego y municiones como medida para la reducci\u00f3n de todo tipo de violencia. Esto incluye operativos de verificaci\u00f3n de titularidad de motoveh\u00edculos en las calles de la provincia a trav\u00e9s de postas realizadas por la Polic\u00eda Caminera.<br \/>\nAsimismo, a partir del 1 de agosto, ser\u00e1 obligatorio cumplir con la validaci\u00f3n de identidad trav\u00e9s de la plataforma \u201cTu Gobierno Digital\u201d para la realizaci\u00f3n de denuncias por delitos, lo que permitir\u00e1 una verificaci\u00f3n fehaciente de la identidad quien haga la denuncia a los fines de su derivaci\u00f3n inmediata para intervenci\u00f3n del Ministerio Publico Fiscal en forma coordinada con las unidades policiales dispuestas de acuerdo a la cuadr\u00edcula correspondiente.<br \/>\nEsta medida se complementar\u00e1 con los sistemas de recepci\u00f3n de denuncias actualmente vigentes en comisar\u00edas, servicio de emergencias 911 y aplicaci\u00f3n de denuncias digitales.<br \/>\nAdem\u00e1s, se trazar\u00e1 un sistema de \u201ccorredores seguros\u201d viales entre las que se incluyen la zonas escolares, gastron\u00f3micas, tur\u00edsticas y hoteleras, espacios de recreaci\u00f3n y deportivos, con recorridas de m\u00f3viles policiales.<br \/>\nEn ese sentido, el decreto tambi\u00e9n garantiza la provisi\u00f3n del combustible necesario para las fuerzas de seguridad para cubrir los operativos extraordinarios que puedan derivar de la situaci\u00f3n de emergencia en seguridad p\u00fablica y del servicio penitenciario y de equipamiento para capacitaci\u00f3n del personal a cargo de los grupos especiales y operativos.<br \/>\nConsiderando a la seguridad como un fen\u00f3meno multicausal y que debe ser trabajado desde la prevenci\u00f3n y con impronta comunitaria y social, el decreto establece que a trav\u00e9s de las jurisdicciones correspondientes se dise\u00f1ar\u00e1n y ejecutar\u00e1n pol\u00edticas interministeriales y municipales para el fortalecimiento de la seguridad p\u00fablica desde una perspectiva integral, social e inclusiva.<br \/>\nEsto implica el trabajo conjunto con otras \u00e1reas del Gobierno para el mejoramiento de infraestructura para actividades deportivas, recreativas y de capacitaci\u00f3n laboral en escuelas de j\u00f3venes, personas adultas y en centros de capacitaci\u00f3n laboral.<br \/>\nTambi\u00e9n incluye la implementaci\u00f3n de un programa de creaci\u00f3n de espacios seguros, destinado a la limpieza y saneamiento de espacios p\u00fablicos y\/o privados, bald\u00edos, iluminaci\u00f3n en todos los municipios; e implementaci\u00f3n de programas de vinculaci\u00f3n y coordinaci\u00f3n institucional con los municipios y comunas, con organismos estatales descentralizados y aut\u00e1rquicos, en relaci\u00f3n a sus competencias propias y que influyen en el fortalecimiento de la seguridad p\u00fablica.<br \/>\nSe propone la creaci\u00f3n de un programa de asistencia a los centros educativos p\u00fablicos para que cuenten con la presencia efectiva de por lo menos dos d\u00edas a la semana de un gabinete psicopedag\u00f3gico; y de un programa de asistencia y concientizaci\u00f3n para padres y responsables de personas menores de edad que hubieren tenido m\u00e1s de dos ingresos en sede policial como consecuencia de hechos tipificados en el c\u00f3digo de faltas o c\u00f3digo penal.<\/p>\n","protected":false},"excerpt":{"rendered":"<p>La medida regir\u00e1 por un a\u00f1o. Tambi\u00e9n implica un abordaje de las acciones violentas y problem\u00e1ticas criminales en el marco de los paradigmas de la seguridad democr\u00e1tica. Como parte del Plan de Seguridad \u201cEscuchar para hacer\u201d, el gobernador Jorge Capitanich firm\u00f3 el decreto provincial N\u00b02076, que oficializa la emergencia en materia de seguridad p\u00fablica y [&hellip;]<\/p>\n","protected":false},"author":1,"featured_media":24623,"comment_status":"closed","ping_status":"closed","sticky":false,"template":"","format":"standard","meta":{"footnotes":""},"categories":[6],"tags":[],"class_list":{"0":"post-24622","1":"post","2":"type-post","3":"status-publish","4":"format-standard","5":"has-post-thumbnail","7":"category-chaco"},"_links":{"self":[{"href":"https:\/\/chacosintesis.com.ar\/index.php\/wp-json\/wp\/v2\/posts\/24622","targetHints":{"allow":["GET"]}}],"collection":[{"href":"https:\/\/chacosintesis.com.ar\/index.php\/wp-json\/wp\/v2\/posts"}],"about":[{"href":"https:\/\/chacosintesis.com.ar\/index.php\/wp-json\/wp\/v2\/types\/post"}],"author":[{"embeddable":true,"href":"https:\/\/chacosintesis.com.ar\/index.php\/wp-json\/wp\/v2\/users\/1"}],"replies":[{"embeddable":true,"href":"https:\/\/chacosintesis.com.ar\/index.php\/wp-json\/wp\/v2\/comments?post=24622"}],"version-history":[{"count":0,"href":"https:\/\/chacosintesis.com.ar\/index.php\/wp-json\/wp\/v2\/posts\/24622\/revisions"}],"wp:featuredmedia":[{"embeddable":true,"href":"https:\/\/chacosintesis.com.ar\/index.php\/wp-json\/wp\/v2\/media\/24623"}],"wp:attachment":[{"href":"https:\/\/chacosintesis.com.ar\/index.php\/wp-json\/wp\/v2\/media?parent=24622"}],"wp:term":[{"taxonomy":"category","embeddable":true,"href":"https:\/\/chacosintesis.com.ar\/index.php\/wp-json\/wp\/v2\/categories?post=24622"},{"taxonomy":"post_tag","embeddable":true,"href":"https:\/\/chacosintesis.com.ar\/index.php\/wp-json\/wp\/v2\/tags?post=24622"}],"curies":[{"name":"wp","href":"https:\/\/api.w.org\/{rel}","templated":true}]}}