{"id":24608,"date":"2023-07-31T18:02:09","date_gmt":"2023-07-31T21:02:09","guid":{"rendered":"https:\/\/chacosintesis.com.ar\/?p=24608"},"modified":"2023-07-31T18:06:47","modified_gmt":"2023-07-31T21:06:47","slug":"se-inauguro-el-nuevo-edificio-de-la-escuela-no-300-en-colonia-aborigen","status":"publish","type":"post","link":"https:\/\/chacosintesis.com.ar\/index.php\/se-inauguro-el-nuevo-edificio-de-la-escuela-no-300-en-colonia-aborigen\/","title":{"rendered":"Se inaugur\u00f3 el nuevo edificio de la Escuela N\u00ba 300 en Colonia Aborigen"},"content":{"rendered":"<p>La obra demand\u00f3 una inversi\u00f3n de m\u00e1s de 140 millones de pesos. &#8220;M\u00e1s y mejor educaci\u00f3n es mayor inclusi\u00f3n social, la garant\u00eda de un futuro con movilidad social ascendente para los ni\u00f1os y ni\u00f1as del Chaco&#8221;, sostuvo.<br \/>\nEl gobernador Jorge Capitanich inaugur\u00f3 el nuevo edificio de la Escuela N\u00b0 300 \u201cGobernador Florencio Tenev\u201d de Colonia Aborigen, Quitilipi. \u201cEs un orgullo para nosotros habilitar este edificio, seguir garantizando aulas limpias y c\u00f3modas para alumnos y alumnas de toda la provincia\u201d, expres\u00f3.<br \/>\nLa sustituci\u00f3n del edificio de la E.E.P. N\u00b0 300, se llev\u00f3 adelante con una inversi\u00f3n de $144.481.736 (obra: $132.981.736 y mobiliario $11.500.000). \u201cEsta obra es parte de una agenda que en tres mandados constitucionales alcanzar\u00e1 los 820 edificios educativos nuevos, ampliados y refaccionados&#8221;, reiter\u00f3 Capitanich.<br \/>\n\u201cSe han hecho muchas inversiones en el entorno, as\u00ed como el ingreso pavimentado del empalme de la ruta 16, el enripiado, la escuela N\u00b0 1.090 que tuvo una intervenci\u00f3n significativa y que entre estas dos instituciones albergan a cerca de 160 estudiantes\u201d, agreg\u00f3 el mandatario.<br \/>\nAs\u00ed, ante la comunidad presente, autoridades provinciales, municipales y educativas, reiter\u00f3: \u201cM\u00e1s y mejor educaci\u00f3n es mayor inclusi\u00f3n social, la garant\u00eda de un futuro con movilidad social ascendente para los ni\u00f1os y ni\u00f1as del Chaco\u201d.<br \/>\nLa pol\u00edtica educativa del Gobierno busca la universalizaci\u00f3n de salas desde los 3 a los 5 a\u00f1os, la terminalidad educativa en el nivel secundario, mejorar las condiciones laborales y salariales de los docentes, garantizar equipamiento, libros y computadoras y asegurar la asistencia alimentaria para cerca de 250 mil chicos y chicas.<br \/>\n\u201cSon condiciones b\u00e1sicas y esenciales para lograr la continuidad pedag\u00f3gica; el futuro de nuestros hijos depende de una buena educaci\u00f3n, inclusiva, igualitaria, gratuita, obligatoria y equitativa, que debe aspirar a la calidad, para generar igualdad de oportunidades\u201d, remarc\u00f3 Capitanich.<br \/>\nEl 6 de julio pasado se inaugur\u00f3 la obra de ampliaci\u00f3n y refacci\u00f3n del Anexo II Jard\u00edn de Infantes N\u00b0 87 \u201cLadis Esther Fortini\u201d, que se encuentra ubicado en el mismo predio de la EEP 300. Ambas obras comparten el mismo monto de intervenci\u00f3n, fuente de financiamiento y empresa.<br \/>\nEstuvieron presentes junto al gobernador el ministro de Educaci\u00f3n, Aldo Lineras, el ministro de Planificaci\u00f3n, Econom\u00eda e Infraestructura, Santiago P\u00e9rez Pons, el intendente de Quitilipi Ariel Lovey, el director de la EEP 300, Alberto Ferreyra y la directora regional de la regi\u00f3n 4B, Silvia Frette.<br \/>\nMayor accesibilidad educativa<br \/>\n&#8220;Las inversiones en obra p\u00fablica llegan a cada punto de nuestra provincia buscando igualar oportunidades, mejorar la calidad de vida y generar m\u00e1s puestos de trabajo en la construcci\u00f3n&#8221;, dijo por su parte el ministro P\u00e9rez Pons.<br \/>\nEn tanto, el intendente Lovey valor\u00f3 la pol\u00edtica educativa que lleva adelante la gesti\u00f3n de gobierno provincial: \u201cEs una gran decisi\u00f3n pol\u00edtica del gobernador, estas son las cosas que cambian la vida de las comunidades, sobre todo en la zona rural, adem\u00e1s de movilizar la econom\u00eda del lugar\u201d.<br \/>\nAlberto Ferreyra, director de la instituci\u00f3n, celebr\u00f3 inaugurar la escuela \u201cdespu\u00e9s de un largo tiempo de sue\u00f1os, que hoy se hacen realidad&#8221;. Asegur\u00f3 que &#8220;esto le cambia la vida a todos los chicos y todas las chicas&#8221;.<\/p>\n","protected":false},"excerpt":{"rendered":"<p>La obra demand\u00f3 una inversi\u00f3n de m\u00e1s de 140 millones de pesos. &#8220;M\u00e1s y mejor educaci\u00f3n es mayor inclusi\u00f3n social, la garant\u00eda de un futuro con movilidad social ascendente para los ni\u00f1os y ni\u00f1as del Chaco&#8221;, sostuvo. El gobernador Jorge Capitanich inaugur\u00f3 el nuevo edificio de la Escuela N\u00b0 300 \u201cGobernador Florencio Tenev\u201d de Colonia [&hellip;]<\/p>\n","protected":false},"author":1,"featured_media":24609,"comment_status":"closed","ping_status":"closed","sticky":false,"template":"","format":"standard","meta":{"footnotes":""},"categories":[6],"tags":[],"class_list":{"0":"post-24608","1":"post","2":"type-post","3":"status-publish","4":"format-standard","5":"has-post-thumbnail","7":"category-chaco"},"_links":{"self":[{"href":"https:\/\/chacosintesis.com.ar\/index.php\/wp-json\/wp\/v2\/posts\/24608","targetHints":{"allow":["GET"]}}],"collection":[{"href":"https:\/\/chacosintesis.com.ar\/index.php\/wp-json\/wp\/v2\/posts"}],"about":[{"href":"https:\/\/chacosintesis.com.ar\/index.php\/wp-json\/wp\/v2\/types\/post"}],"author":[{"embeddable":true,"href":"https:\/\/chacosintesis.com.ar\/index.php\/wp-json\/wp\/v2\/users\/1"}],"replies":[{"embeddable":true,"href":"https:\/\/chacosintesis.com.ar\/index.php\/wp-json\/wp\/v2\/comments?post=24608"}],"version-history":[{"count":0,"href":"https:\/\/chacosintesis.com.ar\/index.php\/wp-json\/wp\/v2\/posts\/24608\/revisions"}],"wp:featuredmedia":[{"embeddable":true,"href":"https:\/\/chacosintesis.com.ar\/index.php\/wp-json\/wp\/v2\/media\/24609"}],"wp:attachment":[{"href":"https:\/\/chacosintesis.com.ar\/index.php\/wp-json\/wp\/v2\/media?parent=24608"}],"wp:term":[{"taxonomy":"category","embeddable":true,"href":"https:\/\/chacosintesis.com.ar\/index.php\/wp-json\/wp\/v2\/categories?post=24608"},{"taxonomy":"post_tag","embeddable":true,"href":"https:\/\/chacosintesis.com.ar\/index.php\/wp-json\/wp\/v2\/tags?post=24608"}],"curies":[{"name":"wp","href":"https:\/\/api.w.org\/{rel}","templated":true}]}}