{"id":24602,"date":"2023-07-31T17:48:31","date_gmt":"2023-07-31T20:48:31","guid":{"rendered":"https:\/\/chacosintesis.com.ar\/?p=24602"},"modified":"2023-07-31T18:06:46","modified_gmt":"2023-07-31T21:06:46","slug":"fin-de-semana-operativo-policial-termino-con-mas-de-270-personas-demoradas","status":"publish","type":"post","link":"https:\/\/chacosintesis.com.ar\/index.php\/fin-de-semana-operativo-policial-termino-con-mas-de-270-personas-demoradas\/","title":{"rendered":"Fin de semana: Operativo policial termin\u00f3 con m\u00e1s de 270 personas demoradas"},"content":{"rendered":"<p>Se secuestraron motocicletas, armas y autos. Adem\u00e1s, se registraron 39 alcoholemias positivas<br \/>\nEl viernes a la noche comenzaron los operativos de seguridad llevados a cabo por la Polic\u00eda del Chaco en toda la provincia.<br \/>\nLuego de 216 dispositivos de prevenci\u00f3n que se realizaron durante el fin de semana, el personal incaut\u00f3 un autom\u00f3vil, 278 motocicletas, de las cuales siete eran buscadas por la justicia, tres armas de fuego, cuatro armas blancas y demoraron a 279 personas.<br \/>\nPor su parte, la Polic\u00eda Caminera registr\u00f3 a 39 personas que dieron positivo en el test de alcoholemia y labraron 238 infracciones de tr\u00e1nsito.<\/p>\n","protected":false},"excerpt":{"rendered":"<p>Se secuestraron motocicletas, armas y autos. Adem\u00e1s, se registraron 39 alcoholemias positivas El viernes a la noche comenzaron los operativos de seguridad llevados a cabo por la Polic\u00eda del Chaco en toda la provincia. Luego de 216 dispositivos de prevenci\u00f3n que se realizaron durante el fin de semana, el personal incaut\u00f3 un autom\u00f3vil, 278 motocicletas, [&hellip;]<\/p>\n","protected":false},"author":1,"featured_media":24603,"comment_status":"closed","ping_status":"closed","sticky":false,"template":"","format":"standard","meta":{"footnotes":""},"categories":[6],"tags":[],"class_list":{"0":"post-24602","1":"post","2":"type-post","3":"status-publish","4":"format-standard","5":"has-post-thumbnail","7":"category-chaco"},"_links":{"self":[{"href":"https:\/\/chacosintesis.com.ar\/index.php\/wp-json\/wp\/v2\/posts\/24602","targetHints":{"allow":["GET"]}}],"collection":[{"href":"https:\/\/chacosintesis.com.ar\/index.php\/wp-json\/wp\/v2\/posts"}],"about":[{"href":"https:\/\/chacosintesis.com.ar\/index.php\/wp-json\/wp\/v2\/types\/post"}],"author":[{"embeddable":true,"href":"https:\/\/chacosintesis.com.ar\/index.php\/wp-json\/wp\/v2\/users\/1"}],"replies":[{"embeddable":true,"href":"https:\/\/chacosintesis.com.ar\/index.php\/wp-json\/wp\/v2\/comments?post=24602"}],"version-history":[{"count":0,"href":"https:\/\/chacosintesis.com.ar\/index.php\/wp-json\/wp\/v2\/posts\/24602\/revisions"}],"wp:featuredmedia":[{"embeddable":true,"href":"https:\/\/chacosintesis.com.ar\/index.php\/wp-json\/wp\/v2\/media\/24603"}],"wp:attachment":[{"href":"https:\/\/chacosintesis.com.ar\/index.php\/wp-json\/wp\/v2\/media?parent=24602"}],"wp:term":[{"taxonomy":"category","embeddable":true,"href":"https:\/\/chacosintesis.com.ar\/index.php\/wp-json\/wp\/v2\/categories?post=24602"},{"taxonomy":"post_tag","embeddable":true,"href":"https:\/\/chacosintesis.com.ar\/index.php\/wp-json\/wp\/v2\/tags?post=24602"}],"curies":[{"name":"wp","href":"https:\/\/api.w.org\/{rel}","templated":true}]}}