{"id":24590,"date":"2023-07-31T17:28:06","date_gmt":"2023-07-31T20:28:06","guid":{"rendered":"https:\/\/chacosintesis.com.ar\/?p=24590"},"modified":"2023-07-31T17:36:43","modified_gmt":"2023-07-31T20:36:43","slug":"lenkovich-el-chaco-tiene-la-vara-muy-alta-en-el-tema-de-discapacidad","status":"publish","type":"post","link":"https:\/\/chacosintesis.com.ar\/index.php\/lenkovich-el-chaco-tiene-la-vara-muy-alta-en-el-tema-de-discapacidad\/","title":{"rendered":"Lenkovich: \u201cEl Chaco tiene la vara muy alta en el tema de discapacidad\u201d"},"content":{"rendered":"<p>El vicepresidente de IPRODICH estuvo en la apertura del VII Congreso Internacional de Discapacidad que se lleva a cabo en el Centro de Convenciones Gala de la provincia del Chaco, el cual cont\u00f3 con la visita presidencial de Alberto Fern\u00e1ndez.<br \/>\nWalter Lenkovich, vicepresidente de IPRODICH, habl\u00f3 sobre el VII Congreso Internacional de Discapacidad que se lleva a cabo en el Centro de Convenciones Gala de la ciudad de Resistencia. \u201cNos toma de una manera divina, muy contento porque realmente tenemos la capacidad colmada, tanto del Gala como de lo que va a ser en Charata y San Mart\u00edn\u201d, expres\u00f3.<br \/>\nEn este sentido, destac\u00f3 la importancia del evento para la provincia. \u201cEsto siempre deja algo positivo en el tema de discapacidad para poder tomar de referencia cosas que nos cuentan nuestros amigos disertantes de otros pa\u00edses que vienen a mostrarnos sus cuestiones y despu\u00e9s poder volcarlo dentro de la provincia que realmente queremos tener\u201d, manifest\u00f3.<br \/>\nAdem\u00e1s, agreg\u00f3 que Chaco es una de las provincias que en discapacidad est\u00e1 \u201cmuy fuerte\u201d. \u201cEl hecho de tener un IPRODICH, un \u00e1rea de discapacidad como instituci\u00f3n con jerarqu\u00eda de ministerio nos da la pauta y la posibilidad de poder llegar a la necesidad y a las personas con discapacidad y a su familia mucho m\u00e1s directamente\u201d, se\u00f1al\u00f3.<br \/>\nPor \u00faltimo, sobre la presencia del presidente Alberto Fern\u00e1ndez expres\u00f3 que \u201csiempre tener a la m\u00e1xima autoridad de la Naci\u00f3n\u201d aporta jerarqu\u00eda al evento. \u201cMe pone muy feliz que hoy el pa\u00eds nos est\u00e1 mirando gracias a la presencia del se\u00f1or presidente, poder mostrarle a mucha gente que no conoce que esto va a seguir existiendo, que vea que el Chaco est\u00e1 en un punto muy alto y tiene la vara muy alta en el tema de discapacidad\u201d, concluy\u00f3.<\/p>\n","protected":false},"excerpt":{"rendered":"<p>El vicepresidente de IPRODICH estuvo en la apertura del VII Congreso Internacional de Discapacidad que se lleva a cabo en el Centro de Convenciones Gala de la provincia del Chaco, el cual cont\u00f3 con la visita presidencial de Alberto Fern\u00e1ndez. Walter Lenkovich, vicepresidente de IPRODICH, habl\u00f3 sobre el VII Congreso Internacional de Discapacidad que se [&hellip;]<\/p>\n","protected":false},"author":1,"featured_media":24591,"comment_status":"closed","ping_status":"closed","sticky":false,"template":"","format":"standard","meta":{"footnotes":""},"categories":[6],"tags":[],"class_list":{"0":"post-24590","1":"post","2":"type-post","3":"status-publish","4":"format-standard","5":"has-post-thumbnail","7":"category-chaco"},"_links":{"self":[{"href":"https:\/\/chacosintesis.com.ar\/index.php\/wp-json\/wp\/v2\/posts\/24590","targetHints":{"allow":["GET"]}}],"collection":[{"href":"https:\/\/chacosintesis.com.ar\/index.php\/wp-json\/wp\/v2\/posts"}],"about":[{"href":"https:\/\/chacosintesis.com.ar\/index.php\/wp-json\/wp\/v2\/types\/post"}],"author":[{"embeddable":true,"href":"https:\/\/chacosintesis.com.ar\/index.php\/wp-json\/wp\/v2\/users\/1"}],"replies":[{"embeddable":true,"href":"https:\/\/chacosintesis.com.ar\/index.php\/wp-json\/wp\/v2\/comments?post=24590"}],"version-history":[{"count":0,"href":"https:\/\/chacosintesis.com.ar\/index.php\/wp-json\/wp\/v2\/posts\/24590\/revisions"}],"wp:featuredmedia":[{"embeddable":true,"href":"https:\/\/chacosintesis.com.ar\/index.php\/wp-json\/wp\/v2\/media\/24591"}],"wp:attachment":[{"href":"https:\/\/chacosintesis.com.ar\/index.php\/wp-json\/wp\/v2\/media?parent=24590"}],"wp:term":[{"taxonomy":"category","embeddable":true,"href":"https:\/\/chacosintesis.com.ar\/index.php\/wp-json\/wp\/v2\/categories?post=24590"},{"taxonomy":"post_tag","embeddable":true,"href":"https:\/\/chacosintesis.com.ar\/index.php\/wp-json\/wp\/v2\/tags?post=24590"}],"curies":[{"name":"wp","href":"https:\/\/api.w.org\/{rel}","templated":true}]}}