{"id":24588,"date":"2023-07-31T17:25:55","date_gmt":"2023-07-31T20:25:55","guid":{"rendered":"https:\/\/chacosintesis.com.ar\/?p=24588"},"modified":"2023-07-31T17:36:43","modified_gmt":"2023-07-31T20:36:43","slug":"lorenzo-el-impacto-que-genera-es-que-estemos-durante-una-semana-hablando-de-discapacidad","status":"publish","type":"post","link":"https:\/\/chacosintesis.com.ar\/index.php\/lorenzo-el-impacto-que-genera-es-que-estemos-durante-una-semana-hablando-de-discapacidad\/","title":{"rendered":"Lorenzo: \u201cEl impacto que genera es que estemos durante una semana hablando de discapacidad\u201d"},"content":{"rendered":"<p>El presidente de IPRODICH estuvo en la apertura del VII Congreso Internacional de Discapacidad que se lleva a cabo en el Centro de Convenciones Gala de la provincia del Chaco, el cual cont\u00f3 con la visita presidencial de Alberto Fern\u00e1ndez.<br \/>\nJos\u00e9 \u201cPepe\u201d Lorenzo, presidente de IPRODICH, dialog\u00f3 con Radio Provincia del Chaco en la apertura del VII Congreso Internacional de Discapacidad que se lleva a cabo en el Centro de Convenciones Gala de la provincia del Chaco, el cual cont\u00f3 con la visita presidencial de Alberto Fern\u00e1ndez. La actividad se enmarca en los 15 a\u00f1os de la entrada en vigor de la Convenci\u00f3n sobre los derechos de las personas con discapacidad y se une al Foro Global para la inclusi\u00f3n y la discapacidad comprometida con los objetivos de la agenda 2030.<br \/>\nEn este sentido, Lorenzo se mostr\u00f3 \u201cmuy contento por la convocatoria\u201d y por la distinci\u00f3n recibida. \u201cTiene que ver un poco con la trayectoria y que claramente me pone muy contento haber sido nominado en principio y posteriormente premiado\u201d, expres\u00f3. Cabe destacar que en el evento se realiz\u00f3 la entrega de los premios Eureka 2023, un galard\u00f3n muy importante que entrega el Consejo Mundial de Acad\u00e9micos y Expertos Universitarios.<br \/>\nEl evento, que contar\u00e1 con 14 disertantes de diferentes pa\u00edses del mundo, comenz\u00f3 a realizarse en 2011 con una convocatoria de 1.300 personas. \u201cHoy podemos decir con absoluto orgullo de que se ha transitado un camino largo, pero exitoso. Hay 5.000 personas acreditadas que hace que de pronto nos llene de satisfacci\u00f3n por el camino recorrido\u201d, expres\u00f3 Lorenzo.<br \/>\n\u201cCreo que el impacto que genera es que estemos hablando de esto, que est\u00e9n ustedes interpel\u00e1ndome, que pongan a la consideraci\u00f3n de la gente este tema y que estemos durante una semana hablando de discapacidad\u201d, manifest\u00f3 el presidente de IPRODICH, al mismo tiempo que agreg\u00f3: \u201cQue venga un presidente de la Naci\u00f3n a un Congreso Internacional de Discapacidad en la provincia del Chaco es un dato muy significativo\u201d.<br \/>\nNo obstante, manifest\u00f3 que si bien se ha recorrido un \u201ccamino importante\u201d, dijo que \u201ca\u00fan falta mucho por hacer\u201d en materia de derechos. \u201cVivimos en una provincia con muchas carencias, pero con mucho potencial. Tenemos todas las expectativas de que para los futuros a\u00f1os podemos construir una sociedad mejor\u201d, sostuvo Lorenzo, y finaliz\u00f3: \u201cEl t\u00edtulo es \u2018Hablemos de Capacidad. Todos nos demuestran que tenemos un talento y que tenemos que potenciar este talento para tener un futuro mejor, una vida m\u00e1s digna\u201d.<\/p>\n","protected":false},"excerpt":{"rendered":"<p>El presidente de IPRODICH estuvo en la apertura del VII Congreso Internacional de Discapacidad que se lleva a cabo en el Centro de Convenciones Gala de la provincia del Chaco, el cual cont\u00f3 con la visita presidencial de Alberto Fern\u00e1ndez. Jos\u00e9 \u201cPepe\u201d Lorenzo, presidente de IPRODICH, dialog\u00f3 con Radio Provincia del Chaco en la apertura [&hellip;]<\/p>\n","protected":false},"author":1,"featured_media":24589,"comment_status":"closed","ping_status":"closed","sticky":false,"template":"","format":"standard","meta":{"footnotes":""},"categories":[6],"tags":[],"class_list":{"0":"post-24588","1":"post","2":"type-post","3":"status-publish","4":"format-standard","5":"has-post-thumbnail","7":"category-chaco"},"_links":{"self":[{"href":"https:\/\/chacosintesis.com.ar\/index.php\/wp-json\/wp\/v2\/posts\/24588","targetHints":{"allow":["GET"]}}],"collection":[{"href":"https:\/\/chacosintesis.com.ar\/index.php\/wp-json\/wp\/v2\/posts"}],"about":[{"href":"https:\/\/chacosintesis.com.ar\/index.php\/wp-json\/wp\/v2\/types\/post"}],"author":[{"embeddable":true,"href":"https:\/\/chacosintesis.com.ar\/index.php\/wp-json\/wp\/v2\/users\/1"}],"replies":[{"embeddable":true,"href":"https:\/\/chacosintesis.com.ar\/index.php\/wp-json\/wp\/v2\/comments?post=24588"}],"version-history":[{"count":0,"href":"https:\/\/chacosintesis.com.ar\/index.php\/wp-json\/wp\/v2\/posts\/24588\/revisions"}],"wp:featuredmedia":[{"embeddable":true,"href":"https:\/\/chacosintesis.com.ar\/index.php\/wp-json\/wp\/v2\/media\/24589"}],"wp:attachment":[{"href":"https:\/\/chacosintesis.com.ar\/index.php\/wp-json\/wp\/v2\/media?parent=24588"}],"wp:term":[{"taxonomy":"category","embeddable":true,"href":"https:\/\/chacosintesis.com.ar\/index.php\/wp-json\/wp\/v2\/categories?post=24588"},{"taxonomy":"post_tag","embeddable":true,"href":"https:\/\/chacosintesis.com.ar\/index.php\/wp-json\/wp\/v2\/tags?post=24588"}],"curies":[{"name":"wp","href":"https:\/\/api.w.org\/{rel}","templated":true}]}}