{"id":24586,"date":"2023-07-31T17:21:52","date_gmt":"2023-07-31T20:21:52","guid":{"rendered":"https:\/\/chacosintesis.com.ar\/?p=24586"},"modified":"2023-07-31T17:36:41","modified_gmt":"2023-07-31T20:36:41","slug":"causa-de-cecilia-strzyzowski-el-gobierno-garantizara-las-condiciones-para-que-se-desarrolle-la-movilizacion-del-3-de-agosto","status":"publish","type":"post","link":"https:\/\/chacosintesis.com.ar\/index.php\/causa-de-cecilia-strzyzowski-el-gobierno-garantizara-las-condiciones-para-que-se-desarrolle-la-movilizacion-del-3-de-agosto\/","title":{"rendered":"Causa de Cecilia Strzyzowski: El Gobierno garantizar\u00e1 las condiciones para que se desarrolle la movilizaci\u00f3n del 3 de agosto"},"content":{"rendered":"<p>El vocero oficial, Juan Manuel Chapo y la abogada de la Secretar\u00eda de Derechos Humanos y G\u00e9neros, Nahir Barud, ratificaron que se garantizaran las condiciones para que la marcha convocada por Gloria Romero, madre de Cecilia  Strzyzowski, se desarrolle con normalidad. Tambi\u00e9n adelantaron detalles de esta causa en que la Secretar\u00eda de Derechos Humanos forma parte de la querella.<br \/>\nEl vocero oficial Juan Manuel Chapo ofreci\u00f3 este lunes su habitual conferencia de prensa, en este caso acompa\u00f1ado por Nahir Barud, abogada de la Secretar\u00eda de Derechos Humanos y G\u00e9neros.<br \/>\nEl portavoz hizo referencia a la movilizaci\u00f3n convocada para este jueves 3 de agosto por parte de Gloria Romero y asegur\u00f3 que el gobierno garantizar\u00e1 las condiciones para que esa marcha se desarrolle de manera completamente normal y en \u201ctotal libertad\u201d.<br \/>\nBarud, por su parte, dio detalles sobre el trabajo de la querella que lleva adelante la Secretar\u00eda de Derechos Humanos en el marco de la causa Strzyzowski y las pr\u00f3ximas instancias al respecto.<br \/>\n\u201cEl pedido de incomunicaci\u00f3n para Emerenciano Sena fue realizado desde la Secretar\u00eda ante la fiscal\u00eda interviniente, que determin\u00f3 que no hay elementos para proceder en ese sentido en la incomunicaci\u00f3n de esta persona\u201d, aclar\u00f3.<br \/>\nAl mismo tiempo, la abogada se\u00f1al\u00f3 que el 2 y 3 de agosto pr\u00f3ximos tendr\u00e1n lugar las audiencias de oposici\u00f3n a la prisi\u00f3n preventiva solicitada contra los ocho detenidos en la causa; y que el 8, 9 y 10 de agosto pr\u00f3ximos ser\u00e1n las audiencias ante la C\u00e1mara de Apelaciones y el tribunal colegiado.<br \/>\n\u201cEs muy importante recordar las funciones y la competencia de la Secretar\u00eda de Derechos Humanos y G\u00e9neros, ya que como \u00e1rea podemos articular con el Equipo Fiscal Especial (EFE), pero no somos quienes damos inicio a las investigaciones formales\u201d, precis\u00f3.<br \/>\nPor otra parte, Barud recalc\u00f3 que es justamente el Equipo Fiscal quien determina las condiciones de detenci\u00f3n de los imputados en el expediente.<br \/>\nFinalmente, y en cuanto a la situaci\u00f3n en torno a supuestas comunicaciones que mantuvo Emerenciano Sena ya en condici\u00f3n de detenido con prisi\u00f3n preventiva, la abogada dijo que se ha remitido actuaci\u00f3n ante una fiscal\u00eda com\u00fan para que se investigue si esa persona ha cometido el delito de instigaci\u00f3n a cometer delitos contra el orden p\u00fablico.<br \/>\nGesti\u00f3n provincial<\/p>\n<p>En conferencia de prensa, Chapo dio detalles sobre la primera semana de ejecuci\u00f3n de los operativos del programa Mirarnos, que es impulsado en coordinaci\u00f3n entre los gobiernos nacional y provincial y brinda atenci\u00f3n oftalmol\u00f3gica a la poblaci\u00f3n.<br \/>\n\u201cSe llevan entregados un total de 617 anteojos en los primeras jornadas de prestaci\u00f3n de los servicios, los cuales continuar\u00e1n durante toda esta semana en distintos barrios de Resistencia y Fontana.<br \/>\nPor otra parte, el vocero destac\u00f3 los buenos resultados de las reuniones de \u201cescucha activa\u201d que despliega el gobernador Jorge Capitanich con vecinos y vecinas de toda la provincia.<br \/>\n\u201cLos \u00faltimos encuentros se llevaron adelante en Resistencia y Fontana y permitieron al gobernador tener un contacto directo y fluido con la gente, conocer sus demandas y explicar qu\u00e9 hace el Estado\u201d, se\u00f1al\u00f3.<br \/>\nAl respecto, indic\u00f3 que como viene sucediendo desde el inicio de este tipo de reuniones, el gobierno ya ha puesto en marcha programas complementarios de infraestructura b\u00e1sica que incluyen mejoras para el espacio p\u00fablico, iluminaci\u00f3n p\u00fablica, plazas y lugares de recreaci\u00f3n o de pr\u00e1ctica deportiva.<br \/>\n\u201cEs una herramienta que posibilita profundizar la toma de demandas mediante un esquema de proximidad y cercan\u00eda con las y los vecinos para complementar la inversi\u00f3n y el despliegue que el gobierno ya viene haciendo\u201d, insisti\u00f3 Chapo.<br \/>\nTambi\u00e9n mencion\u00f3 que a partir de planteos de la poblaci\u00f3n es que se decidi\u00f3 decretar la Emergencia en Seguridad Ciudadana la cual comenzar\u00e1 a regir esta misma semana en toda la provincia, tal lo anunci\u00f3 recientemente el mandatario.<\/p>\n<p>Agenda<\/p>\n<p>El vocero dio a conocer cu\u00e1l ser\u00e1 la agenda del gobernador Capitanich para este martes 1 de agosto y que incluye anuncios de manera conjunta con el Nuevo Banco del Chaco y actividades en el interior.<br \/>\n\u201cSe trata de un instrumento para la refinanciaci\u00f3n de deuda para particulares y, por otro lado, un programa de cr\u00e9dito para micro y peque\u00f1as empresas\u201d, se\u00f1al\u00f3.<br \/>\nY agreg\u00f3 que el jefe del Ejecutivo participar\u00e1 del acto por el cent\u00e9simo aniversario del Inta en Presidencia Roque S\u00e1enz Pe\u00f1a y mantendr\u00e1, ya por la tarde, un encuentro de trabajo con dirigentes de la Federaci\u00f3n Agraria Argentina (FAA).<\/p>\n","protected":false},"excerpt":{"rendered":"<p>El vocero oficial, Juan Manuel Chapo y la abogada de la Secretar\u00eda de Derechos Humanos y G\u00e9neros, Nahir Barud, ratificaron que se garantizaran las condiciones para que la marcha convocada por Gloria Romero, madre de Cecilia Strzyzowski, se desarrolle con normalidad. Tambi\u00e9n adelantaron detalles de esta causa en que la Secretar\u00eda de Derechos Humanos forma [&hellip;]<\/p>\n","protected":false},"author":1,"featured_media":24587,"comment_status":"closed","ping_status":"closed","sticky":false,"template":"","format":"standard","meta":{"footnotes":""},"categories":[6],"tags":[],"class_list":{"0":"post-24586","1":"post","2":"type-post","3":"status-publish","4":"format-standard","5":"has-post-thumbnail","7":"category-chaco"},"_links":{"self":[{"href":"https:\/\/chacosintesis.com.ar\/index.php\/wp-json\/wp\/v2\/posts\/24586","targetHints":{"allow":["GET"]}}],"collection":[{"href":"https:\/\/chacosintesis.com.ar\/index.php\/wp-json\/wp\/v2\/posts"}],"about":[{"href":"https:\/\/chacosintesis.com.ar\/index.php\/wp-json\/wp\/v2\/types\/post"}],"author":[{"embeddable":true,"href":"https:\/\/chacosintesis.com.ar\/index.php\/wp-json\/wp\/v2\/users\/1"}],"replies":[{"embeddable":true,"href":"https:\/\/chacosintesis.com.ar\/index.php\/wp-json\/wp\/v2\/comments?post=24586"}],"version-history":[{"count":0,"href":"https:\/\/chacosintesis.com.ar\/index.php\/wp-json\/wp\/v2\/posts\/24586\/revisions"}],"wp:featuredmedia":[{"embeddable":true,"href":"https:\/\/chacosintesis.com.ar\/index.php\/wp-json\/wp\/v2\/media\/24587"}],"wp:attachment":[{"href":"https:\/\/chacosintesis.com.ar\/index.php\/wp-json\/wp\/v2\/media?parent=24586"}],"wp:term":[{"taxonomy":"category","embeddable":true,"href":"https:\/\/chacosintesis.com.ar\/index.php\/wp-json\/wp\/v2\/categories?post=24586"},{"taxonomy":"post_tag","embeddable":true,"href":"https:\/\/chacosintesis.com.ar\/index.php\/wp-json\/wp\/v2\/tags?post=24586"}],"curies":[{"name":"wp","href":"https:\/\/api.w.org\/{rel}","templated":true}]}}