{"id":24584,"date":"2023-07-31T17:20:02","date_gmt":"2023-07-31T20:20:02","guid":{"rendered":"https:\/\/chacosintesis.com.ar\/?p=24584"},"modified":"2023-07-31T17:36:41","modified_gmt":"2023-07-31T20:36:41","slug":"mejor-infraestructura-educativa-se-inauguro-la-refaccion-integral-de-la-escuela-primaria-no-43-de-barranqueras","status":"publish","type":"post","link":"https:\/\/chacosintesis.com.ar\/index.php\/mejor-infraestructura-educativa-se-inauguro-la-refaccion-integral-de-la-escuela-primaria-no-43-de-barranqueras\/","title":{"rendered":"Mejor infraestructura educativa: se inaugur\u00f3 la refacci\u00f3n integral de la Escuela Primaria N\u00ba 43 de Barranqueras"},"content":{"rendered":"<p>Las obras beneficiar\u00e1n a 743 alumnos y alumnas con la renovaci\u00f3n completa de las instalaciones educativas de la Escuela Primaria N\u00ba 43 \u201cJuan Bautista Sanchis\u201d de Barranqueras. En las diferentes gestiones del gobierno de Capitanich se han realizado 820 edificios nuevos, ampliados o reparados a nuevos.<br \/>\nEl gobernador Jorge Capitanich inaugur\u00f3 este lunes la refacci\u00f3n integral de la Escuela Primaria N\u00ba 43 \u201cJuan Bautista Sanchis\u201d de Barranqueras. Las obras beneficiar\u00e1n a 743 alumnos y alumnas con infraestructura, equipamiento y la renovaci\u00f3n completa de las instalaciones educativas.<br \/>\nCapitanich destac\u00f3 que la EEP N\u00ba 43 de Barranqueras fue intervenida de forma parcial en el a\u00f1o 2012, pero ahora se la renov\u00f3 de manera completa e integral. \u201cMejoramos la infraestructura, aseguramos las horas de clase y los alimentos en la escuela. Garantizamos una educaci\u00f3n de calidad para todos y todas\u201d, dijo Capitanich durante la habilitaci\u00f3n oficial de las renovadas instalaciones educativas.<br \/>\n\u201cEn nuestras gestiones hemos hecho cerca de 820 edificios nuevos, ampliados o reparados a nuevos, como as\u00ed tambi\u00e9n 1.500 intervenciones en los 2.534 edificios escolares de toda la provincia\u201d, dijo el gobernador.<br \/>\nAcompa\u00f1aron al gobernador, el ministro de Educaci\u00f3n, Aldo Lineras; la ministra de Desarrollo Social; Mar\u00eda P\u00eda Chiacchio Cavana; la intendenta de Barranqueras, Magda Ayala y la comunidad educativa de la E.E.P. N\u00ba 43.<br \/>\n&#8220;Tiene una infraestructura muy buena porque fue reparada integralmente. Se da tambi\u00e9n en un entorno bueno porque se est\u00e1 pavimentando la avenida Las Piedras, y a su vez hicimos toda la remodelaci\u00f3n del acceso de la avenida Gaboto, San Mart\u00edn y Maip\u00fa&#8221;, se\u00f1al\u00f3 Capitanich.<\/p>\n<p>Detalles de las obras<\/p>\n<p>La inversi\u00f3n oficial para la refacci\u00f3n integral de la E.E.P. N\u00ba 43 fue de 161.384.633,40 pesos y se realiz\u00f3 a trav\u00e9s del financiamiento del Ministerio de Planificacio\u0301n Economi\u0301a e Infraestructura.<br \/>\nLa intervenci\u00f3n integral contempl\u00f3 la totalidad de los trabajos para mejorar el \u00f3ptimo funcionamiento de la instituci\u00f3n. Se agregaron n\u00facleos de ba\u00f1os y cocina nuevos, se mejoraron las aulas, espacios de compartidos y otras \u00e1reas  para lograr un  marco adecuado para el desarrollo de las actividades educativas de forma correcta.<br \/>\nEn la instituci\u00f3n, de educaci\u00f3n primaria, estudian mas de 740 alumnos y alumnas con 46 trabajadores entre docentes y no docentes, y comparte edificio con las E.P.A N\u00b0 43 \u201cMagdalena N. R. de S\u00e1nchez Almagro\u201d.<br \/>\n\u201cPara que la sociedad sea justa debe tener una educaci\u00f3n igualitaria\u201d, destac\u00f3 el Ministro de Educaci\u00f3n, Aldo Lineras, y remarc\u00f3 que para ello desde el Gobierno provincial se trabaja mejorando las escuelas, logrando buenas instalaciones con clases todos los d\u00edas y materiales de estudios. \u201cDeseamos que esta segunda mitad del a\u00f1o sea fruct\u00edfera, desde el estado seguiremos acompa\u00f1\u00e1ndolos para que as\u00ed sea\u201d, asegur\u00f3 el ministro.<\/p>\n","protected":false},"excerpt":{"rendered":"<p>Las obras beneficiar\u00e1n a 743 alumnos y alumnas con la renovaci\u00f3n completa de las instalaciones educativas de la Escuela Primaria N\u00ba 43 \u201cJuan Bautista Sanchis\u201d de Barranqueras. En las diferentes gestiones del gobierno de Capitanich se han realizado 820 edificios nuevos, ampliados o reparados a nuevos. El gobernador Jorge Capitanich inaugur\u00f3 este lunes la refacci\u00f3n [&hellip;]<\/p>\n","protected":false},"author":1,"featured_media":24585,"comment_status":"closed","ping_status":"closed","sticky":false,"template":"","format":"standard","meta":{"footnotes":""},"categories":[6],"tags":[],"class_list":{"0":"post-24584","1":"post","2":"type-post","3":"status-publish","4":"format-standard","5":"has-post-thumbnail","7":"category-chaco"},"_links":{"self":[{"href":"https:\/\/chacosintesis.com.ar\/index.php\/wp-json\/wp\/v2\/posts\/24584","targetHints":{"allow":["GET"]}}],"collection":[{"href":"https:\/\/chacosintesis.com.ar\/index.php\/wp-json\/wp\/v2\/posts"}],"about":[{"href":"https:\/\/chacosintesis.com.ar\/index.php\/wp-json\/wp\/v2\/types\/post"}],"author":[{"embeddable":true,"href":"https:\/\/chacosintesis.com.ar\/index.php\/wp-json\/wp\/v2\/users\/1"}],"replies":[{"embeddable":true,"href":"https:\/\/chacosintesis.com.ar\/index.php\/wp-json\/wp\/v2\/comments?post=24584"}],"version-history":[{"count":0,"href":"https:\/\/chacosintesis.com.ar\/index.php\/wp-json\/wp\/v2\/posts\/24584\/revisions"}],"wp:featuredmedia":[{"embeddable":true,"href":"https:\/\/chacosintesis.com.ar\/index.php\/wp-json\/wp\/v2\/media\/24585"}],"wp:attachment":[{"href":"https:\/\/chacosintesis.com.ar\/index.php\/wp-json\/wp\/v2\/media?parent=24584"}],"wp:term":[{"taxonomy":"category","embeddable":true,"href":"https:\/\/chacosintesis.com.ar\/index.php\/wp-json\/wp\/v2\/categories?post=24584"},{"taxonomy":"post_tag","embeddable":true,"href":"https:\/\/chacosintesis.com.ar\/index.php\/wp-json\/wp\/v2\/tags?post=24584"}],"curies":[{"name":"wp","href":"https:\/\/api.w.org\/{rel}","templated":true}]}}