{"id":24582,"date":"2023-07-31T17:17:30","date_gmt":"2023-07-31T20:17:30","guid":{"rendered":"https:\/\/chacosintesis.com.ar\/?p=24582"},"modified":"2023-07-31T17:36:40","modified_gmt":"2023-07-31T20:36:40","slug":"califican-de-muy-siginifcativo-al-congreso-internacional-sobre-discapacidad-en-chaco","status":"publish","type":"post","link":"https:\/\/chacosintesis.com.ar\/index.php\/califican-de-muy-siginifcativo-al-congreso-internacional-sobre-discapacidad-en-chaco\/","title":{"rendered":"Califican de &#8220;muy siginifcativo&#8221; al Congreso Internacional sobre Discapacidad en Chaco"},"content":{"rendered":"<p>El director ejecutivo de la Agencia Nacional de Discapacidad (Andis), Fernando Galarraga, valor\u00f3 como &#8220;muy significativo&#8221; el desarrollo del VII Congreso Internacional sobre Discapacidad que se llevar\u00e1 a cabo en la provincia del Chaco durante esta semana y cuya inauguraci\u00f3n oficial se realizar\u00e1 este mediod\u00eda con la presencia del presidente Alberto Fern\u00e1ndez y el gobernador Jorge Capitanich.<br \/>\n&#8220;Esa inclusi\u00f3n real, que nosotros decimos tiene que manifestarse en la vida cotidiana de las personas con discapacidad, es un camino que Argentina est\u00e1 transitando&#8221;, destac\u00f3 el funcionario, en declaraciones a T\u00e9lam Radio.<br \/>\nEl Congreso Internacional contar\u00e1 con disertantes de Bolivia, Brasil, Chile, Colombia, Cuba, Ecuador, Espa\u00f1a, Estados Unidos, Francia, M\u00e9xico, Panam\u00e1, Paraguay, Per\u00fa, Uruguay y Argentina y permitir\u00e1 &#8220;seguir debatiendo y construyendo estrategias para ampliar los derechos y para avanzar hacia una inclusi\u00f3n real&#8221;, destac\u00f3 Galarraga.<br \/>\nEl titular de la Andis sostuvo la necesidad de que la accesibilidad &#8220;sea un valor presente en todas nuestras pr\u00e1cticas cotidianas de la sociedad general&#8221; y remarc\u00f3 la importancia que juega &#8220;el rol del Estado&#8221;.<br \/>\nEn este sentido, Galarraga se\u00f1al\u00f3 que el papel de Estado &#8220;es clave&#8221; y ponder\u00f3 &#8220;el valor que para nosotros, para nuestro gobierno, tiene esta tem\u00e1tica&#8221;.<br \/>\nEl VII Congreso Internacional sobre Discapacidad se desarrollar\u00e1 bajo el lema: &#8220;Queremos hablar de Capacidad&#8221; y tendr\u00e1 lugar hoy, ma\u00f1ana y el mi\u00e9rcoles en el Centro de Convenciones Gala de Resistencia y el jueves y viernes se trasladar\u00e1 a las localidades chaque\u00f1as de San Mart\u00edn y Charata.<br \/>\nFuente: T\u00e9lam<\/p>\n","protected":false},"excerpt":{"rendered":"<p>El director ejecutivo de la Agencia Nacional de Discapacidad (Andis), Fernando Galarraga, valor\u00f3 como &#8220;muy significativo&#8221; el desarrollo del VII Congreso Internacional sobre Discapacidad que se llevar\u00e1 a cabo en la provincia del Chaco durante esta semana y cuya inauguraci\u00f3n oficial se realizar\u00e1 este mediod\u00eda con la presencia del presidente Alberto Fern\u00e1ndez y el gobernador [&hellip;]<\/p>\n","protected":false},"author":1,"featured_media":24583,"comment_status":"closed","ping_status":"closed","sticky":false,"template":"","format":"standard","meta":{"footnotes":""},"categories":[6],"tags":[],"class_list":{"0":"post-24582","1":"post","2":"type-post","3":"status-publish","4":"format-standard","5":"has-post-thumbnail","7":"category-chaco"},"_links":{"self":[{"href":"https:\/\/chacosintesis.com.ar\/index.php\/wp-json\/wp\/v2\/posts\/24582","targetHints":{"allow":["GET"]}}],"collection":[{"href":"https:\/\/chacosintesis.com.ar\/index.php\/wp-json\/wp\/v2\/posts"}],"about":[{"href":"https:\/\/chacosintesis.com.ar\/index.php\/wp-json\/wp\/v2\/types\/post"}],"author":[{"embeddable":true,"href":"https:\/\/chacosintesis.com.ar\/index.php\/wp-json\/wp\/v2\/users\/1"}],"replies":[{"embeddable":true,"href":"https:\/\/chacosintesis.com.ar\/index.php\/wp-json\/wp\/v2\/comments?post=24582"}],"version-history":[{"count":0,"href":"https:\/\/chacosintesis.com.ar\/index.php\/wp-json\/wp\/v2\/posts\/24582\/revisions"}],"wp:featuredmedia":[{"embeddable":true,"href":"https:\/\/chacosintesis.com.ar\/index.php\/wp-json\/wp\/v2\/media\/24583"}],"wp:attachment":[{"href":"https:\/\/chacosintesis.com.ar\/index.php\/wp-json\/wp\/v2\/media?parent=24582"}],"wp:term":[{"taxonomy":"category","embeddable":true,"href":"https:\/\/chacosintesis.com.ar\/index.php\/wp-json\/wp\/v2\/categories?post=24582"},{"taxonomy":"post_tag","embeddable":true,"href":"https:\/\/chacosintesis.com.ar\/index.php\/wp-json\/wp\/v2\/tags?post=24582"}],"curies":[{"name":"wp","href":"https:\/\/api.w.org\/{rel}","templated":true}]}}