{"id":24580,"date":"2023-07-31T17:16:06","date_gmt":"2023-07-31T20:16:06","guid":{"rendered":"https:\/\/chacosintesis.com.ar\/?p=24580"},"modified":"2023-07-31T17:36:39","modified_gmt":"2023-07-31T20:36:39","slug":"conmemoran-la-semana-mundial-de-la-lactancia-materna-con-capacitaciones-y-acciones-de-concientizacion","status":"publish","type":"post","link":"https:\/\/chacosintesis.com.ar\/index.php\/conmemoran-la-semana-mundial-de-la-lactancia-materna-con-capacitaciones-y-acciones-de-concientizacion\/","title":{"rendered":"Conmemoran la Semana Mundial de la Lactancia Materna con capacitaciones y acciones de concientizaci\u00f3n"},"content":{"rendered":"<p>Las actividades inician el pr\u00f3ximo martes en el Hospital Perrando y se extender\u00e1n a toda la provincia.<br \/>\nEl Ministerio de Salud P\u00fablica del Chaco se adhiri\u00f3 a la conmemoraci\u00f3n de la Semana Mundial de la Lactancia Materna que este a\u00f1o se celebra del 1 al 7 de agosto. En esta ocasi\u00f3n el lema convocante es \u201cAmamantar y trabajar: \u00a1hagamos que sea posible!\u201d y pone en discusi\u00f3n a la lactancia materna y el trabajo, ofreciendo una mirada estrat\u00e9gica para realizar acciones que promuevan la lactancia materna y que garanticen que las personas con capacidad de amamantar puedan hacerlo el tiempo que deseen.<br \/>\nLa m\u00e9dica pediatra-neonat\u00f3loga y presidenta de la Comisi\u00f3n Provincial de Lactancia Materna del Chaco, Karem Martel, explic\u00f3 que \u201chay un gran porcentaje de madres y de personas con capacidad de amamantar que abandonan la lactancia cuando se reintegran al trabajo o retoman el estudio y no llegan a los 6 meses m\u00ednimos recomendados de vida de las ni\u00f1eces\u201d.<br \/>\nLa especialista resalt\u00f3 que \u201cgobiernos, empresas y comunidad en general debemos comprometernos para lograr que las ni\u00f1eces lleguen al menos a los seis meses de lactancia materna exclusiva\u201d. Como presidenta de la Comisi\u00f3n Provincial de Lactancia Materna, destac\u00f3 que \u201cnuestra provincia trabaja mucho en el tema y protege a la lactancia materna. Hay una gran protecci\u00f3n para las personas que trabajan en el \u00e1mbito p\u00fablico, pero todav\u00eda falta concientizaci\u00f3n y acciones concretas en el sector privado\u201d, expres\u00f3.<br \/>\n\u201cQueremos que llegue el mensaje de tener ese cuidado y compa\u00f1erismo en los ambientes laborales hacia las personas que est\u00e9n en esa situaci\u00f3n para que puedan cumplir con los seis meses de lactancia materna\u201d, recalc\u00f3 y plante\u00f3 que \u201cas\u00ed como ninguno de nosotros se sentar\u00eda en un inodoro a comer un s\u00e1ndwich, \u00bfpor qu\u00e9 pretendemos que la mam\u00e1 se deba sacar leche para su beb\u00e9 en el ba\u00f1o? Por ello debemos generar espacios c\u00f3modos y privados para que esa persona pueda sacarse leche durante su jornada laboral y pueda alimentar a su beb\u00e9\u201d.<br \/>\nActividades previstas<br \/>\nA lo largo de la semana desde la cartera sanitaria y la Comisi\u00f3n Provincial de Lactancia Materna se realizar\u00e1n actividades y capacitaciones en diferentes puntos de la provincia para la concientizaci\u00f3n y promoci\u00f3n de la lactancia materna y sus beneficios.<br \/>\nLa primera actividad planificada y el inicio de la campa\u00f1a ser\u00e1 un conversatorio programado para este martes a las 10, en el Hall del ingreso a la Maternidad del Hospital Dr. Julio C. Perrando.<br \/>\nAlimentaci\u00f3n perfecta y beneficio para toda la vida<br \/>\nDe acuerdo a lo que se\u00f1ala la Organizaci\u00f3n Mundial de la Salud (OMS), la lactancia natural es el mejor modo de proporcionar al reci\u00e9n nacido los nutrientes que necesita. Recomienda a la misma como modo exclusivo de alimentaci\u00f3n durante los seis primeros meses de vida, a partir de entonces se aconseja seguir con la lactancia materna hasta los dos a\u00f1os, como m\u00ednimo, complementada adecuadamente con otros alimentos inocuos.<br \/>\nAl respecto, la presidenta de la Comisi\u00f3n de Lactancia Materna acot\u00f3 que \u201ces la alimentaci\u00f3n perfecta para el ser humano\u201d y a su vez destac\u00f3 que \u201cla leche de los diferentes mam\u00edferos es espec\u00edfica de cada especie y los humanos somos los \u00fanicos ladrones de leche porque robamos este alimento de otros animales\u201d.<br \/>\n\u201cLa leche de nuestra especie est\u00e1 dise\u00f1ada para el desarrollo del cerebro porque nosotros primero aprendemos a hablar y tardamos diez meses en caminar. En cambio, la leche que est\u00e1 dise\u00f1ada para un ternero est\u00e1 dirigida a los m\u00fasculos porque ese animal nace y se pone de pie. Y eso es lo que tenemos que tener siempre en cuenta\u201d, insisti\u00f3 la especialista.<br \/>\nAcerca de los beneficios de amamantar al beb\u00e9, a\u00f1adi\u00f3 que \u201cla lactancia exclusiva durante los primeros seis meses de vida previene enfermedades en la edad adulta, como por ejemplo diabetes, hipertensi\u00f3n o hipercolesterolemia, y mejora la calidad de vida en la etapa productiva del ser humano. Adem\u00e1s, se reduce en un 4 a 5% la mortalidad. Por eso, hay que tener conciencia que el beneficio es para toda la vida\u201d.<\/p>\n","protected":false},"excerpt":{"rendered":"<p>Las actividades inician el pr\u00f3ximo martes en el Hospital Perrando y se extender\u00e1n a toda la provincia. El Ministerio de Salud P\u00fablica del Chaco se adhiri\u00f3 a la conmemoraci\u00f3n de la Semana Mundial de la Lactancia Materna que este a\u00f1o se celebra del 1 al 7 de agosto. En esta ocasi\u00f3n el lema convocante es [&hellip;]<\/p>\n","protected":false},"author":1,"featured_media":24581,"comment_status":"closed","ping_status":"closed","sticky":false,"template":"","format":"standard","meta":{"footnotes":""},"categories":[6],"tags":[],"class_list":{"0":"post-24580","1":"post","2":"type-post","3":"status-publish","4":"format-standard","5":"has-post-thumbnail","7":"category-chaco"},"_links":{"self":[{"href":"https:\/\/chacosintesis.com.ar\/index.php\/wp-json\/wp\/v2\/posts\/24580","targetHints":{"allow":["GET"]}}],"collection":[{"href":"https:\/\/chacosintesis.com.ar\/index.php\/wp-json\/wp\/v2\/posts"}],"about":[{"href":"https:\/\/chacosintesis.com.ar\/index.php\/wp-json\/wp\/v2\/types\/post"}],"author":[{"embeddable":true,"href":"https:\/\/chacosintesis.com.ar\/index.php\/wp-json\/wp\/v2\/users\/1"}],"replies":[{"embeddable":true,"href":"https:\/\/chacosintesis.com.ar\/index.php\/wp-json\/wp\/v2\/comments?post=24580"}],"version-history":[{"count":0,"href":"https:\/\/chacosintesis.com.ar\/index.php\/wp-json\/wp\/v2\/posts\/24580\/revisions"}],"wp:featuredmedia":[{"embeddable":true,"href":"https:\/\/chacosintesis.com.ar\/index.php\/wp-json\/wp\/v2\/media\/24581"}],"wp:attachment":[{"href":"https:\/\/chacosintesis.com.ar\/index.php\/wp-json\/wp\/v2\/media?parent=24580"}],"wp:term":[{"taxonomy":"category","embeddable":true,"href":"https:\/\/chacosintesis.com.ar\/index.php\/wp-json\/wp\/v2\/categories?post=24580"},{"taxonomy":"post_tag","embeddable":true,"href":"https:\/\/chacosintesis.com.ar\/index.php\/wp-json\/wp\/v2\/tags?post=24580"}],"curies":[{"name":"wp","href":"https:\/\/api.w.org\/{rel}","templated":true}]}}