{"id":24578,"date":"2023-07-31T10:47:53","date_gmt":"2023-07-31T13:47:53","guid":{"rendered":"https:\/\/chacosintesis.com.ar\/?p=24578"},"modified":"2023-07-31T11:06:50","modified_gmt":"2023-07-31T14:06:50","slug":"defensoria-del-pueblo-y-multiples-organismos-realizan-un-operativo-integral-a-las-palmas","status":"publish","type":"post","link":"https:\/\/chacosintesis.com.ar\/index.php\/defensoria-del-pueblo-y-multiples-organismos-realizan-un-operativo-integral-a-las-palmas\/","title":{"rendered":"Defensor\u00eda del Pueblo y m\u00faltiples organismos realizan un operativo integral a Las Palmas"},"content":{"rendered":"<p>Los pr\u00f3ximos encuentros ser\u00e1n el 8 y 9 de agosto en Misi\u00f3n nueva Pompeya, a trav\u00e9s de la Mesa de Representaci\u00f3n. El 10 de agosto, ser\u00e1 en Comandancia Fr\u00edas, y a fin de mes, se estar\u00e1 en Tres Isletas.<\/p>\n<p>En la localidad de Las Palmas, en Avenida San Mart\u00edn 906, el mi\u00e9rcoles 2 de agosto de 8:00 a 12:30 h, se llevar\u00e1 a cabo un operativo integral. El mismo contar\u00e1 con la presencia de Secheep, Sameep, Derechos Humanos, la Secretaria de G\u00e9nero, Programa Incluir Salud, Anses, Ministerio de Salud, Pami, Nuevo Banco del Chaco, Defensa del Consumidor, y Desarrollo Social.<br \/>\nEl objetivo de estos operativos es acercar a los organismos a los ciudadanos para garantizar el acceso y participaci\u00f3n activa de sus derechos y resolver en el terreno con los organismos presentes todas las problem\u00e1ticas que se planteen.<br \/>\nPara el 8 y 9 de agosto, en Misi\u00f3n Nueva Pompeya, se concretar\u00e1 un nuevo encuentro de La Mesa de Trabajo intersectorial, resultado entre el Poder Ejecutivo, Legislativo, Defensor\u00eda del Pueblo y representantes de la comunidad Wich\u00ed, Nueva Pompeya y parajes de alrededor, que cuenta con el objeto de cumplimentar con demandas del inter\u00e9s de la comunidad, hacer relevamiento de otras necesidades y accionar teniendo en cuenta lo relevado.<br \/>\nLuego, el 10 de agosto de 9 a 16:30 h, en la secretar\u00eda del municipio de Comandancia Fr\u00edas, se llevar\u00e1 a cabo un operativo integral.<br \/>\nProtecci\u00f3n de la ciudadan\u00eda Se recuerda a la comunidad que la Defensor\u00eda del Pueblo ejerce la defensa del individuo y de la comunidad tanto en el plano de los derechos fundamentales, derechos econ\u00f3micos (protecci\u00f3n del consumidor) como en los intereses difusos. Aquellos interesados en hacer alguna consulta, lo pueden hacer de manera presencial en Santa Fe 328 de lunes a viernes de 07:30 a 13:00 h, telef\u00f3nicamente al: (362) 4453506 o v\u00eda mail: <a href=\"mailto:defensordelpueblo@chaco.gob.ar\">defensordelpueblo@chaco.gob.ar<\/a>.<\/p>\n","protected":false},"excerpt":{"rendered":"<p>Los pr\u00f3ximos encuentros ser\u00e1n el 8 y 9 de agosto en Misi\u00f3n nueva Pompeya, a trav\u00e9s de la Mesa de Representaci\u00f3n. El 10 de agosto, ser\u00e1 en Comandancia Fr\u00edas, y a fin de mes, se estar\u00e1 en Tres Isletas. En la localidad de Las Palmas, en Avenida San Mart\u00edn 906, el mi\u00e9rcoles 2 de agosto [&hellip;]<\/p>\n","protected":false},"author":1,"featured_media":24579,"comment_status":"closed","ping_status":"closed","sticky":false,"template":"","format":"standard","meta":{"footnotes":""},"categories":[6],"tags":[],"class_list":{"0":"post-24578","1":"post","2":"type-post","3":"status-publish","4":"format-standard","5":"has-post-thumbnail","7":"category-chaco"},"_links":{"self":[{"href":"https:\/\/chacosintesis.com.ar\/index.php\/wp-json\/wp\/v2\/posts\/24578","targetHints":{"allow":["GET"]}}],"collection":[{"href":"https:\/\/chacosintesis.com.ar\/index.php\/wp-json\/wp\/v2\/posts"}],"about":[{"href":"https:\/\/chacosintesis.com.ar\/index.php\/wp-json\/wp\/v2\/types\/post"}],"author":[{"embeddable":true,"href":"https:\/\/chacosintesis.com.ar\/index.php\/wp-json\/wp\/v2\/users\/1"}],"replies":[{"embeddable":true,"href":"https:\/\/chacosintesis.com.ar\/index.php\/wp-json\/wp\/v2\/comments?post=24578"}],"version-history":[{"count":0,"href":"https:\/\/chacosintesis.com.ar\/index.php\/wp-json\/wp\/v2\/posts\/24578\/revisions"}],"wp:featuredmedia":[{"embeddable":true,"href":"https:\/\/chacosintesis.com.ar\/index.php\/wp-json\/wp\/v2\/media\/24579"}],"wp:attachment":[{"href":"https:\/\/chacosintesis.com.ar\/index.php\/wp-json\/wp\/v2\/media?parent=24578"}],"wp:term":[{"taxonomy":"category","embeddable":true,"href":"https:\/\/chacosintesis.com.ar\/index.php\/wp-json\/wp\/v2\/categories?post=24578"},{"taxonomy":"post_tag","embeddable":true,"href":"https:\/\/chacosintesis.com.ar\/index.php\/wp-json\/wp\/v2\/tags?post=24578"}],"curies":[{"name":"wp","href":"https:\/\/api.w.org\/{rel}","templated":true}]}}