{"id":24574,"date":"2023-07-31T10:39:41","date_gmt":"2023-07-31T13:39:41","guid":{"rendered":"https:\/\/chacosintesis.com.ar\/?p=24574"},"modified":"2023-07-31T11:06:48","modified_gmt":"2023-07-31T14:06:48","slug":"union-por-la-patria-chaco-importante-acompanamiento-al-frente-nacional-para-llevar-a-massa-a-la-presidencia-y-a-capitanich-a-la-gobernacion","status":"publish","type":"post","link":"https:\/\/chacosintesis.com.ar\/index.php\/union-por-la-patria-chaco-importante-acompanamiento-al-frente-nacional-para-llevar-a-massa-a-la-presidencia-y-a-capitanich-a-la-gobernacion\/","title":{"rendered":"Uni\u00f3n por la Patria Chaco: importante acompa\u00f1amiento al frente nacional para llevar a Massa a la presidencia y a Capitanich a la gobernaci\u00f3n"},"content":{"rendered":"<p>En la sede del Partido Justicialista chaque\u00f1o se reunieron este domingo representantes de los partidos que integran el frente Uni\u00f3n por la Patria. El encuentro tuvo como objetivo organizar las acciones de cara a las elecciones PASO del pr\u00f3ximo 13 de agosto y las generales provinciales del 17 de septiembre en apoyo a Sergio Massa como presidente y a Jorge Capitanich como gobernador.<br \/>\n Participaron representantes de los partidos Justicialista; Frente Renovador; Adelante Chaco; Causa Reparadora; Chaque\u00f1o para la Unidad; Compromiso Chaque\u00f1o; Compromiso Federal; Comunista; Corriente de Pensamiento Bonaerense; de la Cultura, la Educaci\u00f3n y el Trabajo; de la Victoria; del Trabajo y de la Equidad; del Trabajo y del Pueblo; Dem\u00f3crata; Di\u00e1logo Abierto por el Reencuentro; Equidad; Forja; Frente Grande; Frente para el Cambio; Frente Transversal Chaco; Igualar; Kolina; Martin Fierro; Movimiento de Bases; Nuevo Espacio de participaci\u00f3n; Para ser Chaco; Participaci\u00f3n Ciudadana; Proyecto Popular; Unidos por Chaco; Solidario; Uni\u00f3n por Todos; La Nueva Opci\u00f3n; Socialista; Idea; Proyecto Sur.<\/p>\n","protected":false},"excerpt":{"rendered":"<p>En la sede del Partido Justicialista chaque\u00f1o se reunieron este domingo representantes de los partidos que integran el frente Uni\u00f3n por la Patria. El encuentro tuvo como objetivo organizar las acciones de cara a las elecciones PASO del pr\u00f3ximo 13 de agosto y las generales provinciales del 17 de septiembre en apoyo a Sergio Massa [&hellip;]<\/p>\n","protected":false},"author":1,"featured_media":24575,"comment_status":"closed","ping_status":"closed","sticky":false,"template":"","format":"standard","meta":{"footnotes":""},"categories":[6],"tags":[],"class_list":{"0":"post-24574","1":"post","2":"type-post","3":"status-publish","4":"format-standard","5":"has-post-thumbnail","7":"category-chaco"},"_links":{"self":[{"href":"https:\/\/chacosintesis.com.ar\/index.php\/wp-json\/wp\/v2\/posts\/24574","targetHints":{"allow":["GET"]}}],"collection":[{"href":"https:\/\/chacosintesis.com.ar\/index.php\/wp-json\/wp\/v2\/posts"}],"about":[{"href":"https:\/\/chacosintesis.com.ar\/index.php\/wp-json\/wp\/v2\/types\/post"}],"author":[{"embeddable":true,"href":"https:\/\/chacosintesis.com.ar\/index.php\/wp-json\/wp\/v2\/users\/1"}],"replies":[{"embeddable":true,"href":"https:\/\/chacosintesis.com.ar\/index.php\/wp-json\/wp\/v2\/comments?post=24574"}],"version-history":[{"count":0,"href":"https:\/\/chacosintesis.com.ar\/index.php\/wp-json\/wp\/v2\/posts\/24574\/revisions"}],"wp:featuredmedia":[{"embeddable":true,"href":"https:\/\/chacosintesis.com.ar\/index.php\/wp-json\/wp\/v2\/media\/24575"}],"wp:attachment":[{"href":"https:\/\/chacosintesis.com.ar\/index.php\/wp-json\/wp\/v2\/media?parent=24574"}],"wp:term":[{"taxonomy":"category","embeddable":true,"href":"https:\/\/chacosintesis.com.ar\/index.php\/wp-json\/wp\/v2\/categories?post=24574"},{"taxonomy":"post_tag","embeddable":true,"href":"https:\/\/chacosintesis.com.ar\/index.php\/wp-json\/wp\/v2\/tags?post=24574"}],"curies":[{"name":"wp","href":"https:\/\/api.w.org\/{rel}","templated":true}]}}