{"id":24570,"date":"2023-07-31T08:31:36","date_gmt":"2023-07-31T11:31:36","guid":{"rendered":"https:\/\/chacosintesis.com.ar\/?p=24570"},"modified":"2023-07-31T08:37:26","modified_gmt":"2023-07-31T11:37:26","slug":"saenz-pena-charla-con-hacedores-culturales-por-el-fondo-solidario","status":"publish","type":"post","link":"https:\/\/chacosintesis.com.ar\/index.php\/saenz-pena-charla-con-hacedores-culturales-por-el-fondo-solidario\/","title":{"rendered":"S\u00e1enz Pe\u00f1a: Charla con hacedores culturales por el fondo solidario"},"content":{"rendered":"<p>El pasado s\u00e1bado, se concret\u00f3 en la Delegaci\u00f3n del Instituto de Cultura del Chaco en S\u00e1enz Pe\u00f1a una charla informativa con hacedores culturales para brindar detalles sobre la nueva convocatoria para presentar proyectos art\u00edsticos, en el marco de la aplicaci\u00f3n del Fondo Social Solidario de la Ley Provincial de Mecenazgo.<br \/>\nLa reuni\u00f3n sirvi\u00f3 para que cada artista presente, exprese sus dudas acerca de la elaboraci\u00f3n y presentaci\u00f3n de los proyectos. Adem\u00e1s, se coordinaron agendas futuras para realizarse en la Delegaci\u00f3n en forma coordinada con los hacedores culturales.<br \/>\nPor otra parte, se inform\u00f3 que este martes 1 de agosto, se realizar\u00e1 una segunda charla, en el Centro C\u00edvico y Cultural, desde las 20 horas. La invitaci\u00f3n est\u00e1 destinada a todos los artistas que deseen recibir asesoramiento para la presentaci\u00f3n de proyectos art\u00edsticos.<br \/>\nPatricia Dom\u00ednguez, referente de la Delegaci\u00f3n del Instituto de Cultura, record\u00f3 que en total se seleccionar\u00e1n 20 (veinte) propuestas con un valor para cada proyecto de hasta 200.000 pesos. Y el plazo est\u00e1 abierto hasta el viernes 4 de agosto.<\/p>\n<p>Fondo Solidario<br \/>\nEl Fondo Provincial Solidario creado por medio de su Ley de Mecenazgo. Se enmarca en la Ley 1353-E Fomento de la Actividad Privada en Actividades Culturales que fortalece las econom\u00edas creativas locales y regionales a trav\u00e9s del financiamiento p\u00fablico.<br \/>\nEn la actualidad, el Registro Provincial de Mecenazgo cuenta con m\u00e1s de 100 nuevos inscriptos en el Registro Provincial de Mecenazgo, lo que garantiza la accesibilidad a este tipo de convocatorias y la llegada de esta pol\u00edtica p\u00fablica a cada rinc\u00f3n de la provincia.<\/p>\n","protected":false},"excerpt":{"rendered":"<p>El pasado s\u00e1bado, se concret\u00f3 en la Delegaci\u00f3n del Instituto de Cultura del Chaco en S\u00e1enz Pe\u00f1a una charla informativa con hacedores culturales para brindar detalles sobre la nueva convocatoria para presentar proyectos art\u00edsticos, en el marco de la aplicaci\u00f3n del Fondo Social Solidario de la Ley Provincial de Mecenazgo. La reuni\u00f3n sirvi\u00f3 para que [&hellip;]<\/p>\n","protected":false},"author":1,"featured_media":24571,"comment_status":"closed","ping_status":"closed","sticky":false,"template":"","format":"standard","meta":{"footnotes":""},"categories":[6],"tags":[],"class_list":{"0":"post-24570","1":"post","2":"type-post","3":"status-publish","4":"format-standard","5":"has-post-thumbnail","7":"category-chaco"},"_links":{"self":[{"href":"https:\/\/chacosintesis.com.ar\/index.php\/wp-json\/wp\/v2\/posts\/24570","targetHints":{"allow":["GET"]}}],"collection":[{"href":"https:\/\/chacosintesis.com.ar\/index.php\/wp-json\/wp\/v2\/posts"}],"about":[{"href":"https:\/\/chacosintesis.com.ar\/index.php\/wp-json\/wp\/v2\/types\/post"}],"author":[{"embeddable":true,"href":"https:\/\/chacosintesis.com.ar\/index.php\/wp-json\/wp\/v2\/users\/1"}],"replies":[{"embeddable":true,"href":"https:\/\/chacosintesis.com.ar\/index.php\/wp-json\/wp\/v2\/comments?post=24570"}],"version-history":[{"count":0,"href":"https:\/\/chacosintesis.com.ar\/index.php\/wp-json\/wp\/v2\/posts\/24570\/revisions"}],"wp:featuredmedia":[{"embeddable":true,"href":"https:\/\/chacosintesis.com.ar\/index.php\/wp-json\/wp\/v2\/media\/24571"}],"wp:attachment":[{"href":"https:\/\/chacosintesis.com.ar\/index.php\/wp-json\/wp\/v2\/media?parent=24570"}],"wp:term":[{"taxonomy":"category","embeddable":true,"href":"https:\/\/chacosintesis.com.ar\/index.php\/wp-json\/wp\/v2\/categories?post=24570"},{"taxonomy":"post_tag","embeddable":true,"href":"https:\/\/chacosintesis.com.ar\/index.php\/wp-json\/wp\/v2\/tags?post=24570"}],"curies":[{"name":"wp","href":"https:\/\/api.w.org\/{rel}","templated":true}]}}