{"id":24559,"date":"2023-07-30T10:22:04","date_gmt":"2023-07-30T13:22:04","guid":{"rendered":"https:\/\/chacosintesis.com.ar\/?p=24559"},"modified":"2023-07-30T10:37:36","modified_gmt":"2023-07-30T13:37:36","slug":"el-congreso-provincial-del-pj-paso-a-un-cuarto-intermedio-para-el-cierre-se-sumarian-massa-y-capitanich","status":"publish","type":"post","link":"https:\/\/chacosintesis.com.ar\/index.php\/el-congreso-provincial-del-pj-paso-a-un-cuarto-intermedio-para-el-cierre-se-sumarian-massa-y-capitanich\/","title":{"rendered":"El Congreso Provincial del PJ pas\u00f3 a un cuarto intermedio: para el cierre, se sumar\u00edan Massa y Capitanich"},"content":{"rendered":"<p>Este s\u00e1bado se realiz\u00f3 el encuentro con gran participaci\u00f3n de intendentas e intendentes, legisladores y militantes. El pr\u00f3ximo viernes 4 de agosto ser\u00e1 el cierre. Resta por definirse la hora y el lugar.<\/p>\n<p> En la ma\u00f1ana de este s\u00e1bado, en el Club Deportivo Acci\u00f3n de S\u00e1enz Pe\u00f1a, se realiz\u00f3 el Congreso Provincial del Partido Justicialista, que finaliz\u00f3 pasadas las 14. Con la presencia de 125 congresales, se eligieron las nuevas autoridades, donde result\u00f3 electa como presidenta del Congreso Provincial, Claudia Panzardi. Decidieron que el Congreso Provincial del PJ pase a un cuarto intermedio hasta el viernes de la semana entrante, donde se sumar\u00edan el ministro de Econom\u00eda y precandidato a presidente Sergio Massa y el gobernador y candidato a renovar su mandato, Jorge Milton Capitanich.<br \/>\nSentados en mesa pol\u00edtica de apertura estuvieron Nestor Sotelo, consejero del consejo provincial, Diego Bernachea, presidente saliente, Aldo Leiva, pro secretario del PJ y pre candidato a diputado nacional, Adrian Bellomi, presidente alterno del Congreso, Claudia Panzardi, presidenta del Congreso, Ra\u00fal Bittel, secretario general del PJ y pre candidato al Parlasur, Julieta Campo, secretaria de la juventud del PJ y pre candidata a diputada nacional, Pio Sander, presidente alterno del congreso, Johana Duarte, pre candidata a diputada nacional y vocal del consejo del PJ, Maximiliano Mantaras, presidente alterno del Congreso Provincial, Osvaldo P\u00e9rez Cuevas, pre candidato a diputado nacional y consejero del consejo provincial del PJ, Cesar Frugoni, pre candidato a diputado nacional, Luisina Lita, candidata a intendenta de S\u00e1enz Pe\u00f1a.<br \/>\nDurante el Congreso, asumi\u00f3 la nueva Mesa Directiva del Congreso Provincial; y ser\u00e1n designados los integrantes de la Junta Electoral y del Tribunal de Disciplina. Adem\u00e1s, se avanzar\u00e1 en un an\u00e1lisis de la situaci\u00f3n pol\u00edtica y unidad de las bases peronistas.<br \/>\nJuan Manuel Pedrini felicit\u00f3 a la Claudia Panzardi por ser electa como presidenta e indic\u00f3: \u201ctambi\u00e9n convocar a la militancia a seguir fortaleciendo lazos\u201d en el cierre del Congreso Provincial.<br \/>\nPor su parte, sobre el encuentro Ra\u00fal Bittel afirm\u00f3: \u201cBalance muy positivo del Congreso Provincial del Partido Justicialista, donde tuvimos importante quorum y la participaci\u00f3n de todos los municipios de la provincia con sus comensales, con los candidatos y los intendentes de cada una de las localidades, con representantes de diputados provinciales, nacionales. Por ende, una muestra importante pol\u00edtica de consenso y de unidad hacia las elecciones de agosto y septiembre. El mensaje principal fue el contundente apoyo a Jorge Capitanich y hacia las elecciones del 13 de agosto, tanto al candidato Sergio Massa y Agustin Rossi para consolidar un modelo de naci\u00f3n y de provincia que tengan que ver con la producci\u00f3n, el empleo y el desarrollo\u201d.<\/p>\n<p>A su vez, Julieta Campo expres\u00f3: \u201cUn d\u00eda lleno de energ\u00eda y unidad. Respaldamos con fuerza la f\u00f3rmula Massa-Rossi, demostrando nuestro compromiso con un futuro mejor para todos y todas. Se brind\u00f3 todo el apoyo a los candidatos y candidatas de \u2018Unidos por la Patria\u2019, reafirmando nuestra uni\u00f3n y trabajo en equipo por y para nuestra Argentina\u201d.<\/p>\n<p> El Congreso Provincial del PJ pas\u00f3 a un cuarto intermedio hasta el pr\u00f3ximo viernes, y en dicho encuentro se sumar\u00edan Sergio Massa, ministro de Econom\u00eda y precandidato a presidente y el gobernador del Chaco, Jorge Milton Capitanich.<\/p>\n","protected":false},"excerpt":{"rendered":"<p>Este s\u00e1bado se realiz\u00f3 el encuentro con gran participaci\u00f3n de intendentas e intendentes, legisladores y militantes. El pr\u00f3ximo viernes 4 de agosto ser\u00e1 el cierre. Resta por definirse la hora y el lugar. En la ma\u00f1ana de este s\u00e1bado, en el Club Deportivo Acci\u00f3n de S\u00e1enz Pe\u00f1a, se realiz\u00f3 el Congreso Provincial del Partido Justicialista, [&hellip;]<\/p>\n","protected":false},"author":1,"featured_media":24560,"comment_status":"closed","ping_status":"closed","sticky":false,"template":"","format":"standard","meta":{"footnotes":""},"categories":[6],"tags":[],"class_list":{"0":"post-24559","1":"post","2":"type-post","3":"status-publish","4":"format-standard","5":"has-post-thumbnail","7":"category-chaco"},"_links":{"self":[{"href":"https:\/\/chacosintesis.com.ar\/index.php\/wp-json\/wp\/v2\/posts\/24559","targetHints":{"allow":["GET"]}}],"collection":[{"href":"https:\/\/chacosintesis.com.ar\/index.php\/wp-json\/wp\/v2\/posts"}],"about":[{"href":"https:\/\/chacosintesis.com.ar\/index.php\/wp-json\/wp\/v2\/types\/post"}],"author":[{"embeddable":true,"href":"https:\/\/chacosintesis.com.ar\/index.php\/wp-json\/wp\/v2\/users\/1"}],"replies":[{"embeddable":true,"href":"https:\/\/chacosintesis.com.ar\/index.php\/wp-json\/wp\/v2\/comments?post=24559"}],"version-history":[{"count":0,"href":"https:\/\/chacosintesis.com.ar\/index.php\/wp-json\/wp\/v2\/posts\/24559\/revisions"}],"wp:featuredmedia":[{"embeddable":true,"href":"https:\/\/chacosintesis.com.ar\/index.php\/wp-json\/wp\/v2\/media\/24560"}],"wp:attachment":[{"href":"https:\/\/chacosintesis.com.ar\/index.php\/wp-json\/wp\/v2\/media?parent=24559"}],"wp:term":[{"taxonomy":"category","embeddable":true,"href":"https:\/\/chacosintesis.com.ar\/index.php\/wp-json\/wp\/v2\/categories?post=24559"},{"taxonomy":"post_tag","embeddable":true,"href":"https:\/\/chacosintesis.com.ar\/index.php\/wp-json\/wp\/v2\/tags?post=24559"}],"curies":[{"name":"wp","href":"https:\/\/api.w.org\/{rel}","templated":true}]}}