{"id":24557,"date":"2023-07-30T10:09:15","date_gmt":"2023-07-30T13:09:15","guid":{"rendered":"https:\/\/chacosintesis.com.ar\/?p=24557"},"modified":"2023-07-30T10:37:35","modified_gmt":"2023-07-30T13:37:35","slug":"presentan-oficialmente-la-fiesta-del-algodon-en-roque-saenz-pena","status":"publish","type":"post","link":"https:\/\/chacosintesis.com.ar\/index.php\/presentan-oficialmente-la-fiesta-del-algodon-en-roque-saenz-pena\/","title":{"rendered":"Presentan oficialmente la Fiesta del Algod\u00f3n en Roque S\u00e1enz Pe\u00f1a"},"content":{"rendered":"<p>Este a\u00f1o tiene un contexto especial, dado que la agencia de extensi\u00f3n del INTA de la ciudad Termal celebra sus 100 a\u00f1os de vida.<\/p>\n<p>En una convocatoria de prensa realizada en el predio ferial, se hizo el lanzamiento oficial de la Fiesta del Algod\u00f3n, que se concretar\u00e1 el pr\u00f3ximo fin de semana, del 4 al 6 de agosto. La presentaci\u00f3n del evento estuvo presidida por el intendente de \u00e9sta ciudad Bruno Luis Cipolini y el vicepresidente del Instituto de Turismo del Chaco, Mauro Flores.<br \/>\nTambi\u00e9n acompa\u00f1aron la concejal Luisina Lita, el titular del INTA S\u00e1enz Pe\u00f1a Ivan Bonacic, Fabian Alegre por AgroNea Producciones, representantes de la Federaci\u00f3n de Colectividades, del Grupo Agroperfiles, organizadores de un conversacional sobre algod\u00f3n; adem\u00e1s de Dante Moreira de la Fundaci\u00f3n del Algod\u00f3n.<br \/>\nEste a\u00f1o, la fiesta del algod\u00f3n tiene un contexto especial, dado que se da en circunstancias en las cuales la agencia de extensi\u00f3n del INTA S\u00e1enz Pe\u00f1a, celebra sus 100 a\u00f1os de vida. Dentro de la grilla de espect\u00e1culos que se presentar\u00e1n, se anunci\u00f3 la actuaci\u00f3n de El Chaque\u00f1o Palavecino y de Los Totora, entre una larga lista de artistas. La nueva edici\u00f3n de la Fiesta del Algod\u00f3n en S\u00e1enz Pe\u00f1a, que se llevar\u00e1 a cabo el viernes 4, s\u00e1bado 5 y domingo 6 de agosto.<\/p>\n<p>LOS ARTISTAS, FECHAS Y HORARIOS:<br \/>\nCada jornada iniciar\u00e1 con la presentaci\u00f3n de Las Bastoneras, desde las 19 horas, seg\u00fan se anunci\u00f3 ayer. El viernes 4, tambi\u00e9n actuar\u00e1n Viento Norte, Guaynas Por\u00e1, La Huella, The chinchudos, Mauri Flow, y cerrar\u00e1 El mago y la nueva.<br \/>\nEl s\u00e1bado 5, ser\u00e1 una jornada especial con la Elecci\u00f3n de la Representante de la Fiesta del Algod\u00f3n. Actuar\u00e1n Ballet Los Buhos Sylvina Brizuela, Alon, Gisella y el cierre ser\u00e1 con El Chaque\u00f1o Palavecino El domingo 6 estar\u00e1n Los Continuados, Coqui Ortiz, Tup\u00e1, Luli Maidana, Ipsilon, Lonelycloud, Filipponi &#038; Gin y cerrar\u00e1n Los Totoras.<br \/>\nFeedback algodonero: de la semilla al hilo<br \/>\nEl grupo Agroperfiles organiza, en el marco de la Fiesta del Algod\u00f3n 2023 una mesa redonda donde se realizar\u00e1 una charla debate sobre el rol de los distintos eslabones de la cadena algodonera.<br \/>\nEl evento ser\u00e1 el viernes, a las 17, en el Centro de Convenciones de la Fiesta del Algod\u00f3n, y la tem\u00e1tica ser\u00e1 una breve exposici\u00f3n de un representante de cada eslab\u00f3n que abarcar\u00e1 desde la semilla, pasando por el productor que la siembra, el rol de la gen\u00e9tica, el clima a tener en cuenta, el acopiador, el desmotador, el corredor y el hilandero.<br \/>\nTendr\u00e1 dos moderadores y se dispondr\u00e1 de preguntas que los presentes podr\u00e1n hacer a los expositores tras lo cual se har\u00e1 un documento con los principales puntos referidos a esta larga cadena textil.<\/p>\n<p>DIARIO NORTE.-<\/p>\n","protected":false},"excerpt":{"rendered":"<p>Este a\u00f1o tiene un contexto especial, dado que la agencia de extensi\u00f3n del INTA de la ciudad Termal celebra sus 100 a\u00f1os de vida. En una convocatoria de prensa realizada en el predio ferial, se hizo el lanzamiento oficial de la Fiesta del Algod\u00f3n, que se concretar\u00e1 el pr\u00f3ximo fin de semana, del 4 al [&hellip;]<\/p>\n","protected":false},"author":1,"featured_media":24558,"comment_status":"closed","ping_status":"closed","sticky":false,"template":"","format":"standard","meta":{"footnotes":""},"categories":[6],"tags":[197],"class_list":{"0":"post-24557","1":"post","2":"type-post","3":"status-publish","4":"format-standard","5":"has-post-thumbnail","7":"category-chaco","8":"tag-destacada"},"_links":{"self":[{"href":"https:\/\/chacosintesis.com.ar\/index.php\/wp-json\/wp\/v2\/posts\/24557","targetHints":{"allow":["GET"]}}],"collection":[{"href":"https:\/\/chacosintesis.com.ar\/index.php\/wp-json\/wp\/v2\/posts"}],"about":[{"href":"https:\/\/chacosintesis.com.ar\/index.php\/wp-json\/wp\/v2\/types\/post"}],"author":[{"embeddable":true,"href":"https:\/\/chacosintesis.com.ar\/index.php\/wp-json\/wp\/v2\/users\/1"}],"replies":[{"embeddable":true,"href":"https:\/\/chacosintesis.com.ar\/index.php\/wp-json\/wp\/v2\/comments?post=24557"}],"version-history":[{"count":0,"href":"https:\/\/chacosintesis.com.ar\/index.php\/wp-json\/wp\/v2\/posts\/24557\/revisions"}],"wp:featuredmedia":[{"embeddable":true,"href":"https:\/\/chacosintesis.com.ar\/index.php\/wp-json\/wp\/v2\/media\/24558"}],"wp:attachment":[{"href":"https:\/\/chacosintesis.com.ar\/index.php\/wp-json\/wp\/v2\/media?parent=24557"}],"wp:term":[{"taxonomy":"category","embeddable":true,"href":"https:\/\/chacosintesis.com.ar\/index.php\/wp-json\/wp\/v2\/categories?post=24557"},{"taxonomy":"post_tag","embeddable":true,"href":"https:\/\/chacosintesis.com.ar\/index.php\/wp-json\/wp\/v2\/tags?post=24557"}],"curies":[{"name":"wp","href":"https:\/\/api.w.org\/{rel}","templated":true}]}}