{"id":24536,"date":"2023-07-25T13:48:00","date_gmt":"2023-07-25T16:48:00","guid":{"rendered":"https:\/\/chacosintesis.com.ar\/?p=24536"},"modified":"2023-07-29T21:49:52","modified_gmt":"2023-07-30T00:49:52","slug":"cuesta-en-los-barrios-donde-estan-los-sectores-mas-vulnerables-es-donde-nos-tenemos-que-encontrar","status":"publish","type":"post","link":"https:\/\/chacosintesis.com.ar\/index.php\/cuesta-en-los-barrios-donde-estan-los-sectores-mas-vulnerables-es-donde-nos-tenemos-que-encontrar\/","title":{"rendered":"Cuesta en los barrios: \u201cDonde est\u00e1n los sectores m\u00e1s vulnerables es donde nos tenemos que encontrar\u201d"},"content":{"rendered":"\n<p>La candidata a intendenta de Resistencia por el Frente CER (Corriente de Expresi\u00f3n Renovada), Eli Cuesta, recorri\u00f3 los barrios San Jos\u00e9, Bettina V\u00e1squez y La Fortaleza acercando donaciones a merenderos y comedores como as\u00ed tambi\u00e9n charl\u00f3 con las y los vecinos, quienes manifestaron sus demandas y necesidades. Acompa\u00f1ada por la boxeadora Marcela La Tigresa Acu\u00f1a, Cuesta remarc\u00f3 que el trabajo se hace desde el territorio, con la gente, y esa es la pol\u00edtica publica que va a continuar y fortalecer en la intendencia capitalina. \u201cDonde est\u00e1n los sectores m\u00e1s vulnerables es donde nos tenemos que encontrar\u201d, afirm\u00f3.<\/p>\n\n\n\n<p>Gracias a la Marat\u00f3n Box\u00edstica, evento solidario que cont\u00f3 con la participaci\u00f3n de la deportista profesional Marcela Acu\u00f1a, se logr\u00f3 juntar mercader\u00edas que fueron entregadas a los merenderos y comedores Esfuerzo Poderoso, Fundaci\u00f3n Dinamita y Deshumi.<\/p>\n\n\n\n<p>Durante el encuentro con las y los vecinos, la tambi\u00e9n presidenta del Poder Legislativo resalt\u00f3 el trabajo que realizan las mujeres que llevan adelante los merenderos, a los cuales concurren muchas ni\u00f1as y ni\u00f1os. \u201cEs un esfuerzo sin ning\u00fan inter\u00e9s m\u00e1s que el de ayudar a todas las mam\u00e1s, abuelas y personas que mantienen estos merenderos y comedores, los cuales cumplen una funci\u00f3n social muy especial porque significan contenci\u00f3n integral, ya que las y los ni\u00f1os que acuden practican deportes, tienen escolaridad, apoyo escolar para aquellos que necesiten y les ense\u00f1an tambi\u00e9n a tener huertas\u201d, se\u00f1al\u00f3 la candidata del CER.<\/p>\n\n\n\n<p>Cuesta contin\u00faa con sus propuestas y charlas con las y los vecinos y en ese sentido agreg\u00f3 que \u201cvamos a profundizar todo lo que son pol\u00edticas p\u00fablicas para llegar a la gente, tener esa cercan\u00eda, eso es lo que nosotros proponemos como pol\u00edtica de Estado, como una pol\u00edtica p\u00fablica permanente\u201d, reiter\u00f3. M\u00e1s all\u00e1 de las obras, m\u00e1s all\u00e1 de los servicios que tiene que prestar el municipio, la titular legislativa remarc\u00f3 que \u201ces en el territorio donde est\u00e1n los sectores m\u00e1s vulnerables y es donde nos tenemos que encontrar\u201d.<\/p>\n\n\n\n<p>Por su parte, la boxeadora formose\u00f1a Marcela La Tigresa Acu\u00f1a agradeci\u00f3 haber sido invitada para este espect\u00e1culo solidario y luego llevar esas donaciones a tantas ni\u00f1as y ni\u00f1os que hoy necesitan una copa de leche. \u201cEstoy muy contenta por haber acompa\u00f1ado a Eli Cuesta a repartir todo lo recaudado en la marat\u00f3n de boxeo. Esto m\u00e1s que nada te llena como persona. Es inigualable el cari\u00f1o de las y los ni\u00f1os y de la gente que nos est\u00e1n brindando ac\u00e1\u201d, manifest\u00f3.<\/p>\n","protected":false},"excerpt":{"rendered":"<p>La candidata a intendenta de Resistencia por el Frente CER (Corriente de Expresi\u00f3n Renovada), Eli Cuesta, recorri\u00f3 los barrios San Jos\u00e9, Bettina V\u00e1squez y La Fortaleza acercando donaciones a merenderos y comedores como as\u00ed tambi\u00e9n charl\u00f3 con las y los vecinos, quienes manifestaron sus demandas y necesidades. Acompa\u00f1ada por la boxeadora Marcela La Tigresa Acu\u00f1a, [&hellip;]<\/p>\n","protected":false},"author":1,"featured_media":24537,"comment_status":"closed","ping_status":"closed","sticky":false,"template":"","format":"standard","meta":{"footnotes":""},"categories":[6],"tags":[202],"class_list":{"0":"post-24536","1":"post","2":"type-post","3":"status-publish","4":"format-standard","5":"has-post-thumbnail","7":"category-chaco","8":"tag-legislatura"},"_links":{"self":[{"href":"https:\/\/chacosintesis.com.ar\/index.php\/wp-json\/wp\/v2\/posts\/24536","targetHints":{"allow":["GET"]}}],"collection":[{"href":"https:\/\/chacosintesis.com.ar\/index.php\/wp-json\/wp\/v2\/posts"}],"about":[{"href":"https:\/\/chacosintesis.com.ar\/index.php\/wp-json\/wp\/v2\/types\/post"}],"author":[{"embeddable":true,"href":"https:\/\/chacosintesis.com.ar\/index.php\/wp-json\/wp\/v2\/users\/1"}],"replies":[{"embeddable":true,"href":"https:\/\/chacosintesis.com.ar\/index.php\/wp-json\/wp\/v2\/comments?post=24536"}],"version-history":[{"count":0,"href":"https:\/\/chacosintesis.com.ar\/index.php\/wp-json\/wp\/v2\/posts\/24536\/revisions"}],"wp:featuredmedia":[{"embeddable":true,"href":"https:\/\/chacosintesis.com.ar\/index.php\/wp-json\/wp\/v2\/media\/24537"}],"wp:attachment":[{"href":"https:\/\/chacosintesis.com.ar\/index.php\/wp-json\/wp\/v2\/media?parent=24536"}],"wp:term":[{"taxonomy":"category","embeddable":true,"href":"https:\/\/chacosintesis.com.ar\/index.php\/wp-json\/wp\/v2\/categories?post=24536"},{"taxonomy":"post_tag","embeddable":true,"href":"https:\/\/chacosintesis.com.ar\/index.php\/wp-json\/wp\/v2\/tags?post=24536"}],"curies":[{"name":"wp","href":"https:\/\/api.w.org\/{rel}","templated":true}]}}