{"id":24516,"date":"2023-07-28T19:16:11","date_gmt":"2023-07-28T22:16:11","guid":{"rendered":"https:\/\/chacosintesis.com.ar\/?p=24516"},"modified":"2023-07-28T19:36:59","modified_gmt":"2023-07-28T22:36:59","slug":"en-junio-volvieron-a-caer-las-ventas-de-combustibles-en-el-chaco","status":"publish","type":"post","link":"https:\/\/chacosintesis.com.ar\/index.php\/en-junio-volvieron-a-caer-las-ventas-de-combustibles-en-el-chaco\/","title":{"rendered":"En junio, volvieron a caer las ventas de combustibles en el Chaco"},"content":{"rendered":"<p>La comercializaci\u00f3n al p\u00fablico registr\u00f3 una baja del 0,9%, comparando con lo ocurrido en junio del 2022. La ventas totalizaron 34.273 metros c\u00fabicos, de los cuales el 52% fueron naftas y el 48% restante fue gasoil.<br \/>\nUn informe elaborado por la consultora Politikon, en base a los datos de la Secretar\u00eda de Energ\u00eda de la Naci\u00f3n, revel\u00f3, en el mes de junio, las ventas de combustibles al p\u00fablico en el Chaco totalizaron 34.273 metros c\u00fabicos, lo que implica un descenso del 0,9% en la comparaci\u00f3n contra igual mes del 2022.<br \/>\nSe trata de la tercera ca\u00edda en seis meses transcurridos del a\u00f1o: tambi\u00e9n hab\u00eda registrado bajas en febrero (-4,3) y abril (-0,5%).<br \/>\nPese a ese descenso, se destaca el hecho de que en la comparaci\u00f3n mensual la provincia tuvo una suba en junio respecto a mayo (4,8%) que cobra relevancia en un contexto donde la mayor\u00eda de las provincias sufrieron bajas.<\/p>\n<p>Comercializaci\u00f3n por tipos<br \/>\nVisto por tipos, el 52% del total de las ventas estuvo en las naftas y el 48% restante en el gasoil. Respecto a sus desempe\u00f1os, las naftas crecieron 5,1% interanual, la mayor variaci\u00f3n desde marzo pasado explicada por la suba de la s\u00faper (+6,7%) ya que la premium tuvo descensos (-1,1%); el gasoil, por su parte, tuvo una sensible ca\u00edda interanual (-6,6%) con descensos en ambos segmentos, pero m\u00e1s fuerte en el premium (-11,8% vs. -4,1% del com\u00fan).<br \/>\nDe este modo, el primer semestre del 2023 cierra en el Chaco registrando 193.867 metros c\u00fabicos en ventas y se posiciona apenas 0,5% por encima del 2022 (segunda suba m\u00e1s leve del pa\u00eds).<br \/>\nSe trata de un incremento d\u00e9bil principalmente en la comparaci\u00f3n con la gran mayor\u00eda de los distritos; sin embargo, se destaca que a\u00fan con ello, el volumen de consumo de este per\u00edodo es el m\u00e1s alto desde, por lo menos, 2019.<br \/>\nAdem\u00e1s de crecer 0,5% contra 2022, lo hace en +22,6% vs. 2021; +39,2% contra 2020 y +21,7% respecto a 2019.<br \/>\nEn el plano regional, el Chaco se mantiene como la tercera provincia en el NEA en volumen de ventas, quedando por detr\u00e1s de Misiones y Corrientes y concentrando 24,4% del consumo total de la regi\u00f3n.<\/p>\n<p>Ventas en el pa\u00eds<br \/>\nEn junio de 2023 se vendieron en todo el pa\u00eds 1,49 millones de metros c\u00fabicos de combustible al p\u00fablico, entre naftas y gasoil en sus correspondientes segmentos. De ese total, el 54% de las ventas correspondi\u00f3 a naftas y el 46% restante a gasoil, igual distribuci\u00f3n que la observada en los \u00faltimos dos meses.<br \/>\nComparado contra igual mes de 2022 las ventas mostraron una leve suba del 0,3%, desacelerando respecto al incremento registrado en mayo (+3,1%). Dicho crecimiento estuvo apoyado en las naftas (2,8%) mientras que el gasoil volvi\u00f3 a mostrar bajas (-2,4%). En este contexto, se observa que en ambos tipos de combustibles, el segmento premium tuvo descensos: -13,7% en el gasoil y -1,1% en naftas; mientras que el segmento com\u00fan mostr\u00f3 alzas (+3,7% en gasoil y +4,3% en naftas).<br \/>\nDe este modo, el primer semestre del 2023 cerr\u00f3 con ventas al p\u00fablico de combustibles por un total de 9,1 millones de metros c\u00fabicos, quedando 2,7% por encima de igual per\u00edodo del 2022.<\/p>\n<p>&lt;<a href=\"http:\/\/www.avg.com\/email-signature?utm_medium=email&amp;utm_source=link&amp;utm_campaign=sig-email&amp;utm_content=webmail\">www.avg.com\/email-signature?utm_medium=email&amp;utm_source=link&amp;utm_campaign=sig-email&amp;utm_content=webmail<\/a>&gt; Libre de virus.www.avg.com &lt;<a href=\"http:\/\/www.avg.com\/email-signature?utm_medium=email&amp;utm_source=link&amp;utm_campaign=sig-email&amp;utm_content=webmail\">www.avg.com\/email-signature?utm_medium=email&amp;utm_source=link&amp;utm_campaign=sig-email&amp;utm_content=webmail<\/a>&gt; <\/p>\n","protected":false},"excerpt":{"rendered":"<p>La comercializaci\u00f3n al p\u00fablico registr\u00f3 una baja del 0,9%, comparando con lo ocurrido en junio del 2022. La ventas totalizaron 34.273 metros c\u00fabicos, de los cuales el 52% fueron naftas y el 48% restante fue gasoil. Un informe elaborado por la consultora Politikon, en base a los datos de la Secretar\u00eda de Energ\u00eda de la [&hellip;]<\/p>\n","protected":false},"author":1,"featured_media":24517,"comment_status":"closed","ping_status":"closed","sticky":false,"template":"","format":"standard","meta":{"footnotes":""},"categories":[6],"tags":[],"class_list":{"0":"post-24516","1":"post","2":"type-post","3":"status-publish","4":"format-standard","5":"has-post-thumbnail","7":"category-chaco"},"_links":{"self":[{"href":"https:\/\/chacosintesis.com.ar\/index.php\/wp-json\/wp\/v2\/posts\/24516","targetHints":{"allow":["GET"]}}],"collection":[{"href":"https:\/\/chacosintesis.com.ar\/index.php\/wp-json\/wp\/v2\/posts"}],"about":[{"href":"https:\/\/chacosintesis.com.ar\/index.php\/wp-json\/wp\/v2\/types\/post"}],"author":[{"embeddable":true,"href":"https:\/\/chacosintesis.com.ar\/index.php\/wp-json\/wp\/v2\/users\/1"}],"replies":[{"embeddable":true,"href":"https:\/\/chacosintesis.com.ar\/index.php\/wp-json\/wp\/v2\/comments?post=24516"}],"version-history":[{"count":0,"href":"https:\/\/chacosintesis.com.ar\/index.php\/wp-json\/wp\/v2\/posts\/24516\/revisions"}],"wp:featuredmedia":[{"embeddable":true,"href":"https:\/\/chacosintesis.com.ar\/index.php\/wp-json\/wp\/v2\/media\/24517"}],"wp:attachment":[{"href":"https:\/\/chacosintesis.com.ar\/index.php\/wp-json\/wp\/v2\/media?parent=24516"}],"wp:term":[{"taxonomy":"category","embeddable":true,"href":"https:\/\/chacosintesis.com.ar\/index.php\/wp-json\/wp\/v2\/categories?post=24516"},{"taxonomy":"post_tag","embeddable":true,"href":"https:\/\/chacosintesis.com.ar\/index.php\/wp-json\/wp\/v2\/tags?post=24516"}],"curies":[{"name":"wp","href":"https:\/\/api.w.org\/{rel}","templated":true}]}}