{"id":24508,"date":"2023-07-28T18:50:05","date_gmt":"2023-07-28T21:50:05","guid":{"rendered":"https:\/\/chacosintesis.com.ar\/?p=24508"},"modified":"2023-07-28T19:06:41","modified_gmt":"2023-07-28T22:06:41","slug":"multiples-actividades-y-apoyo-del-gobierno-para-la-fiesta-del-algodon-en-saenz-pena","status":"publish","type":"post","link":"https:\/\/chacosintesis.com.ar\/index.php\/multiples-actividades-y-apoyo-del-gobierno-para-la-fiesta-del-algodon-en-saenz-pena\/","title":{"rendered":"M\u00faltiples actividades y apoyo del gobierno para la Fiesta del Algod\u00f3n en S\u00e1enz Pe\u00f1a"},"content":{"rendered":"<p>La edici\u00f3n 2023 se realizar\u00e1 en el Centro C\u00edvico, Social y Cultural (ex Ferichaco). La agenda promete diversidad de actividades para el sector productivo y para toda la comunidad chaque\u00f1a.<br \/>\nEl Ministerio de Planificaci\u00f3n, Econom\u00eda e Infraestructura dio detalles de la agenda de la trig\u00e9sima edici\u00f3n de la Fiesta del Algod\u00f3n en S\u00e1enz Pe\u00f1a, que contar\u00e1 con una fuerte impronta productiva y de innovaci\u00f3n.<br \/>\nEl evento se realizar\u00e1 el 4, 5 y 6 de agosto en el Centro C\u00edvico, Cultural y Social (ex Ferichaco), con entrada libre y gratuita. Con apoyo del Gobierno provincial, la agenda incluir\u00e1 charlas, exposiciones y capacitaciones que permitir\u00e1n fortalecer la cadena productiva chaque\u00f1a, adem\u00e1s de espect\u00e1culos art\u00edsticos destacados. La edici\u00f3n de este a\u00f1o cuenta con el complemento especial de la celebraci\u00f3n del centenario del INTA S\u00e1enz Pe\u00f1a.<br \/>\n\u201cLa gesti\u00f3n encabezada por el gobernador Jorge Capitanich ha tenido una mirada especial hacia el sector algodonero, una cadena productiva que marca el potencial del Chaco. Hoy nos preparamos para una nueva Fiesta del Algod\u00f3n que nos posiciona a nivel nacional, adem\u00e1s de brindar una agenda cultural pensando en el disfrute de todas y todos los saenzpe\u00f1enses y visitantes\u201d, expres\u00f3 el ministro de la cartera econ\u00f3mica, Santiago P\u00e9rez Pons.<br \/>\nComo cada a\u00f1o se podr\u00e1 ver en vivo el desarrollo agroindustrial y de investigaci\u00f3n de esta cadena productiva a trav\u00e9s de exposici\u00f3n est\u00e1tica de maquinar\u00edas, insumos y la industria textil, capacitaciones y emprendedurismo que caracteriza al cultivo. Las actividades tendr\u00e1n una participaci\u00f3n conjunta de instituciones, el Estado y empresas privadas.<\/p>\n<p>Agenda cultural<\/p>\n<p>Diariamente habr\u00e1 espect\u00e1culos con artistas locales y nacionales en el escenario del predio. En cada jornada, la grilla iniciar\u00e1 a las 19 con la presentaci\u00f3n del Cuerpo de Bastoneras. En tanto el viernes 4 actuar\u00e1n Viento Norte, Guaynas Por\u00e1, La Huella, The chinchudos, Mauri Flow, y cerrar\u00e1 El Mago y la Nueva.<br \/>\nEl s\u00e1bado 5 de agosto se llevar\u00e1 adelante la tradicional elecci\u00f3n de la representante de la Fiesta del Algod\u00f3n. De esta instancia se seleccionar\u00e1n a las tres nuevas representantes que reemplazar\u00e1n a Tatiana Beatriz Zorrilla de Presidencia Roque S\u00e1enz Pe\u00f1a, que ser\u00e1 acompa\u00f1ada por Keyla Nahara Vrebec de Santa Sylvina, y Camila Magal\u00ed Honcheruk de Villa Berthet, coronadas en 2022.  Luego actuar\u00e1n Ballet Los B\u00fahos, Sylvina Brizuela, Alon, Gisella y El Chaque\u00f1o Palavecino.<br \/>\nEl gran cierre del domingo estar\u00e1 a cargo de Los Continuados, Coqui Ortiz, Tup\u00e1, Luli Maidana, Ipsilon, Lonelycloud, Filipponi &#038; Gin y Los Totoras.<\/p>\n<p><<a href=\"http:\/\/www.avg.com\/email-signature?utm_medium=email&#038;utm_source=link&#038;utm_campaign=sig-email&#038;utm_content=webmail\">www.avg.com\/email-signature?utm_medium=email&amp;utm_source=link&amp;utm_campaign=sig-email&amp;utm_content=webmail<\/a>> Libre de virus.www.avg.com <<a href=\"http:\/\/www.avg.com\/email-signature?utm_medium=email&#038;utm_source=link&#038;utm_campaign=sig-email&#038;utm_content=webmail\">www.avg.com\/email-signature?utm_medium=email&amp;utm_source=link&amp;utm_campaign=sig-email&amp;utm_content=webmail<\/a>> <#DAB4FAD8-2DD7-40BB-A1B8-4E2AA1F9FDF2><\/p>\n","protected":false},"excerpt":{"rendered":"<p>La edici\u00f3n 2023 se realizar\u00e1 en el Centro C\u00edvico, Social y Cultural (ex Ferichaco). La agenda promete diversidad de actividades para el sector productivo y para toda la comunidad chaque\u00f1a. El Ministerio de Planificaci\u00f3n, Econom\u00eda e Infraestructura dio detalles de la agenda de la trig\u00e9sima edici\u00f3n de la Fiesta del Algod\u00f3n en S\u00e1enz Pe\u00f1a, que [&hellip;]<\/p>\n","protected":false},"author":1,"featured_media":24509,"comment_status":"closed","ping_status":"closed","sticky":false,"template":"","format":"standard","meta":{"footnotes":""},"categories":[6],"tags":[],"class_list":{"0":"post-24508","1":"post","2":"type-post","3":"status-publish","4":"format-standard","5":"has-post-thumbnail","7":"category-chaco"},"_links":{"self":[{"href":"https:\/\/chacosintesis.com.ar\/index.php\/wp-json\/wp\/v2\/posts\/24508","targetHints":{"allow":["GET"]}}],"collection":[{"href":"https:\/\/chacosintesis.com.ar\/index.php\/wp-json\/wp\/v2\/posts"}],"about":[{"href":"https:\/\/chacosintesis.com.ar\/index.php\/wp-json\/wp\/v2\/types\/post"}],"author":[{"embeddable":true,"href":"https:\/\/chacosintesis.com.ar\/index.php\/wp-json\/wp\/v2\/users\/1"}],"replies":[{"embeddable":true,"href":"https:\/\/chacosintesis.com.ar\/index.php\/wp-json\/wp\/v2\/comments?post=24508"}],"version-history":[{"count":0,"href":"https:\/\/chacosintesis.com.ar\/index.php\/wp-json\/wp\/v2\/posts\/24508\/revisions"}],"wp:featuredmedia":[{"embeddable":true,"href":"https:\/\/chacosintesis.com.ar\/index.php\/wp-json\/wp\/v2\/media\/24509"}],"wp:attachment":[{"href":"https:\/\/chacosintesis.com.ar\/index.php\/wp-json\/wp\/v2\/media?parent=24508"}],"wp:term":[{"taxonomy":"category","embeddable":true,"href":"https:\/\/chacosintesis.com.ar\/index.php\/wp-json\/wp\/v2\/categories?post=24508"},{"taxonomy":"post_tag","embeddable":true,"href":"https:\/\/chacosintesis.com.ar\/index.php\/wp-json\/wp\/v2\/tags?post=24508"}],"curies":[{"name":"wp","href":"https:\/\/api.w.org\/{rel}","templated":true}]}}