{"id":24502,"date":"2023-07-28T17:30:45","date_gmt":"2023-07-28T20:30:45","guid":{"rendered":"https:\/\/chacosintesis.com.ar\/?p=24502"},"modified":"2023-07-28T17:36:39","modified_gmt":"2023-07-28T20:36:39","slug":"no-pudo-extraerse-adn-de-los-restos-oseos-hallados-en-el-rio-y-no-se-sabra-si-pertenecian-a-cecilia","status":"publish","type":"post","link":"https:\/\/chacosintesis.com.ar\/index.php\/no-pudo-extraerse-adn-de-los-restos-oseos-hallados-en-el-rio-y-no-se-sabra-si-pertenecian-a-cecilia\/","title":{"rendered":"No pudo extraerse ADN de los restos \u00f3seos hallados en el r\u00edo y no se sabr\u00e1 si pertenec\u00edan a Cecilia"},"content":{"rendered":"<p>Los expertos del Equipo Argentino de Antropolog\u00eda Forense (EAAF) que analizaron los restos \u00f3seos y dentales hallados en el marco de la investigaci\u00f3n por el femicidio de Cecilia Strzyzowski, desaparecida desde el 2 de junio en la ciudad chaque\u00f1a de Resistencia, determinaron que no pudo extraerse ADN de los mismos para confirmar si pertenec\u00edan a la joven de 28 a\u00f1os, ya que estaban calcinados.<br \/>\nLa fiscal de Resistencia Nelia Vel\u00e1zquez asegur\u00f3 en un comunicado que el informe incorporado al expediente por el femicidio de Cecilia y que fue realizado en el Laboratorio de Gen\u00e9tica Forense del EAAF, ubicado en la ciudad de C\u00f3rdoba, revel\u00f3 que fue imposible obtener resultados de ADN de las muestras \u00f3seas y dentales estudiadas.<br \/>\n&#8220;Dichos elementos se encontraban en estado de carbonizaci\u00f3n a calcinados, condici\u00f3n que afecta severamente la conservaci\u00f3n de la piezas y limita la posibilidad de extracci\u00f3n de ADN de calidad&#8221;, se\u00f1ala el informe.<br \/>\n&#8220;Ten\u00edamos esperanzas porque era positivo para la causa como as\u00ed tambi\u00e9n para la familia de Cecilia. Pero en cuanto a la investigaci\u00f3n tenemos fundamentos y pruebas suficientes para sostener nuestra imputaci\u00f3n&#8221;, dijo a T\u00e9lam la integrante del Equipo Fiscal Especial (EFE) junto a Jorge C\u00e1ceres Olivera y Jorge G\u00f3mez.<br \/>\nA su vez, el abogado Juan Arregin, representante de Gloria Romero, madre de Cecilia, asegur\u00f3 que &#8220;la lista y el detalle de los huesos analizados es contundente&#8221; y consider\u00f3 que, aunque no pueda determinarse de manera gen\u00e9tica, &#8220;claramente son de ella&#8221;, al recordar que junto a esos restos &#8220;estaba el dije con forma de cruz&#8221; que usaba la joven.<br \/>\nEl letrado indic\u00f3 a T\u00e9lam que a\u00fan falta por analizar los restos \u00f3seos encontrados en un segundo rastrillaje en el r\u00edo Tragadero.<br \/>\nUna fuente de la investigaci\u00f3n explic\u00f3 a esta agencia que los huesos, cuando est\u00e1n calcinados, &#8220;se desarman apenas comienza el an\u00e1lisis y eso hace imposible la extracci\u00f3n de material gen\u00e9tico, y revel\u00f3 que quienes los quemaron &#8220;se ocuparon de hacerlo muy bien, a conciencia y con recursos como para que queden totalmente calcinados&#8221;.<br \/>\nAhora, el EFE aguarda las pericias sobre la mancha de sangre humana encontrada en la camioneta de C\u00e9sar Sena que ser\u00e1 realizada en el Instituto de Medicina y Ciencias Forenses (IMCiF) del Chaco.<br \/>\nArregin consider\u00f3 como &#8220;central&#8221; esa prueba, como lo fue el an\u00e1lisis de la sangre de Cecilia hallada en unos muebles que donaron los Sena.<br \/>\nPor otra parte, el abogado y su colega Sergio Briend pidieron que Emerenciano Sena, uno de los principales detenidos por el caso junto a su esposa Marcela Acu\u00f1a y su hijo C\u00e9sar, sea imputado por intimidaci\u00f3n p\u00fablica e incitaci\u00f3n a la violencia tras viralizarse un audio en el que les dice a los militantes de su agrupaci\u00f3n que escriban en las paredes de sus casas &#8220;libertad a Emerenciano&#8221;.<br \/>\nEn tanto, Gloria mantuvo un cruce con manifestantes que pidieron frente a la fiscal\u00eda situada en la avenida 9 de Julio al 200, de Resistencia, la liberaci\u00f3n del exprecandidato a diputado provincial.<br \/>\n&#8220;Libertad a Emerenciano, preso pol\u00edtico&#8221;, dec\u00eda alguno de los carteles que portaban los manifestantes, mientras la madre de Cecilia les gritaba &#8220;no les tengo miedo&#8221;, y aseguraba: &#8220;\u00bfD\u00f3nde est\u00e1 la gente que dijo que yo no estaba sola? \u00bfD\u00f3nde est\u00e1 el Chaco que tiene huevos? Estos hijos de puta est\u00e1n queriendo sacar al tipo que mat\u00f3 a mi hija como si fuera un animal&#8221;.<br \/>\nSeg\u00fan los voceros, la marcha se dio luego de que se viraliz\u00f3 un audio de 13 minutos en el que el dirigente social se dirigi\u00f3 a sus seguidores.<br \/>\n&#8220;A la gente que no le gusta la palabra Emerenciano su auto debe quedar en la avenida San Mart\u00edn porque sino las palas van a ser para romper su vidrio&#8221;, dijo el acusado en un fragmento de esa arenga.<br \/>\nEs que el imputado, desde su lugar de alojamiento en la seccional 3ra., pidi\u00f3 &#8220;a las personas&#8221; que lo acompa\u00f1an, que pinten el frente de sus casas con la frase &#8220;libertad a Emerenciano&#8221;.<br \/>\n&#8220;El s\u00e1bado y el domingo tienen que pintar el muro todos los que est\u00e1n con nosotros porque el lunes y martes van a ser las movilizaciones m\u00e1s grandes que van a venir del interior para pedir por mi libertad&#8221;, se\u00f1ala en el audio.<br \/>\nEn ese marco, el abogado Juan Arregin, representante de Gloria Romero, madre de Cecilia, confirm\u00f3 a T\u00e9lam que junto a su colega Sergio Briend le pidi\u00f3 al EFE que Emerenciano sea imputado por &#8220;intimidaci\u00f3n p\u00fablica e incitaci\u00f3n a la violencia&#8221;.<br \/>\nAl respecto, desde la fiscal\u00eda informaron que &#8220;ante la posible comisi\u00f3n de un delito de acci\u00f3n p\u00fablica, se dispuso la formaci\u00f3n de una nueva causa a los efectos de la investigaci\u00f3n fiscal correspondiente&#8221;.<br \/>\nTras esa situaci\u00f3n, Gloria public\u00f3 en su Instagram las im\u00e1genes del choque con los manifestantes y escribi\u00f3: &#8220;Estos cobardes golpean por la espalda en el ri\u00f1\u00f3n, saben d\u00f3nde golpear pero qu\u00e9dense tranquilos estoy bien&#8221;.<br \/>\nEl audio de Sena se conoci\u00f3 en la semana previa a que se lleve adelante la audiencia de oposici\u00f3n a la prisi\u00f3n preventiva dictada a Emerenciano y su esposa Marcela Acuna, ante el juez chaque\u00f1o H\u00e9ctor Sandoval.<br \/>\nA ra\u00edz de la viralizaci\u00f3n, el \u00d3rgano de Control Institucional de la Polic\u00eda del Chaco dispuso el inicio de las actuaciones administrativas para determinar las circunstancias en que sucedi\u00f3 esa comunicaci\u00f3n y si existi\u00f3 alguna responsabilidad de alg\u00fan funcionario de la comisar\u00eda 3ra.<br \/>\nEn tanto, la abogada querellante Nahir Barud, coordinadora del \u00e1rea de Litigios Estrat\u00e9gicos de la Secretar\u00eda de Derechos Humanos y G\u00e9neros del Chaco, solicit\u00f3 que Emerenciano sea incomunicado, lo cual fue denegado por la fiscal\u00eda.<br \/>\nPor otra parte, Arreguin asegur\u00f3 que tambi\u00e9n pidi\u00f3 que Acu\u00f1a sea imputada por &#8220;desobediencia judicial&#8221;, dado que nuevamente escribi\u00f3 una carta en la que critic\u00f3 su situaci\u00f3n como detenida en la comisar\u00eda 6ta.<br \/>\nCecilia fue vista por \u00faltima vez a las 9.16 del 2 de junio \u00faltimo, cuando una c\u00e1mara de seguridad registr\u00f3 su ingreso en compa\u00f1\u00eda de su marido, a la casa de sus suegros, Emerenciano y Acu\u00f1a, en la calle Santa Mar\u00eda de Oro 1460, de Resistencia.<br \/>\nSeg\u00fan la resoluci\u00f3n de los fiscales, la joven fue asesinada entre las 12.13 y las 13.01 en una de las habitaciones de la casa aparentemente por estrangulamiento, en momentos en que se hallaba junto a C\u00e9sar, Emerenciano y Acu\u00f1a.<br \/>\nSu cuerpo fue luego trasladado por Gustavo Obreg\u00f3n y C\u00e9sar Sena envuelto en una frazada a bordo de una camioneta Toyota Hilux hasta la chancher\u00eda, propiedad de los principales imputados, donde fue calcinada, de acuerdo a la pesquisa llevada adelante.<br \/>\nFinalmente, sus restos fueron esparcidos en distintos sectores, entre ellos junto a una de las m\u00e1rgenes del R\u00edo Tragadero, que linda con la chancher\u00eda de los Sena.<br \/>\nAdem\u00e1s de los tres integrantes del denominado Clan Sena, por el caso permanecen con prisi\u00f3n preventiva Obreg\u00f3n y su esposa Fabiana Gonz\u00e1lez (ambos asistentes de los Sena), y Gustavo Melgarejo y su mujer Griselda Reinoso (caseros de la chancher\u00eda, propiedad de los principales acusados del femicidio).<br \/>\nLos fiscales imputaron con prisi\u00f3n preventiva a la familia Sena por el delito de &#8220;homicidio triplemente agravado por el v\u00ednculo, por femicidio y por el concurso premeditado de dos o m\u00e1s personas&#8221;, mientras que a los restantes acusados por el &#8220;encubrimiento agravado&#8221; del hecho.<br \/>\nFuente: Telam<br \/>\n&lt;<a href=\"http:\/\/www.avg.com\/email-signature?utm_medium=email&amp;utm_source=link&amp;utm_campaign=sig-email&amp;utm_content=webmail\">www.avg.com\/email-signature?utm_medium=email&amp;utm_source=link&amp;utm_campaign=sig-email&amp;utm_content=webmail<\/a>&gt; Libre de virus.www.avg.com &lt;<a href=\"http:\/\/www.avg.com\/email-signature?utm_medium=email&amp;utm_source=link&amp;utm_campaign=sig-email&amp;utm_content=webmail\">www.avg.com\/email-signature?utm_medium=email&amp;utm_source=link&amp;utm_campaign=sig-email&amp;utm_content=webmail<\/a>&gt; <\/p>\n","protected":false},"excerpt":{"rendered":"<p>Los expertos del Equipo Argentino de Antropolog\u00eda Forense (EAAF) que analizaron los restos \u00f3seos y dentales hallados en el marco de la investigaci\u00f3n por el femicidio de Cecilia Strzyzowski, desaparecida desde el 2 de junio en la ciudad chaque\u00f1a de Resistencia, determinaron que no pudo extraerse ADN de los mismos para confirmar si pertenec\u00edan a [&hellip;]<\/p>\n","protected":false},"author":1,"featured_media":24503,"comment_status":"closed","ping_status":"closed","sticky":false,"template":"","format":"standard","meta":{"footnotes":""},"categories":[6],"tags":[],"class_list":{"0":"post-24502","1":"post","2":"type-post","3":"status-publish","4":"format-standard","5":"has-post-thumbnail","7":"category-chaco"},"_links":{"self":[{"href":"https:\/\/chacosintesis.com.ar\/index.php\/wp-json\/wp\/v2\/posts\/24502","targetHints":{"allow":["GET"]}}],"collection":[{"href":"https:\/\/chacosintesis.com.ar\/index.php\/wp-json\/wp\/v2\/posts"}],"about":[{"href":"https:\/\/chacosintesis.com.ar\/index.php\/wp-json\/wp\/v2\/types\/post"}],"author":[{"embeddable":true,"href":"https:\/\/chacosintesis.com.ar\/index.php\/wp-json\/wp\/v2\/users\/1"}],"replies":[{"embeddable":true,"href":"https:\/\/chacosintesis.com.ar\/index.php\/wp-json\/wp\/v2\/comments?post=24502"}],"version-history":[{"count":0,"href":"https:\/\/chacosintesis.com.ar\/index.php\/wp-json\/wp\/v2\/posts\/24502\/revisions"}],"wp:featuredmedia":[{"embeddable":true,"href":"https:\/\/chacosintesis.com.ar\/index.php\/wp-json\/wp\/v2\/media\/24503"}],"wp:attachment":[{"href":"https:\/\/chacosintesis.com.ar\/index.php\/wp-json\/wp\/v2\/media?parent=24502"}],"wp:term":[{"taxonomy":"category","embeddable":true,"href":"https:\/\/chacosintesis.com.ar\/index.php\/wp-json\/wp\/v2\/categories?post=24502"},{"taxonomy":"post_tag","embeddable":true,"href":"https:\/\/chacosintesis.com.ar\/index.php\/wp-json\/wp\/v2\/tags?post=24502"}],"curies":[{"name":"wp","href":"https:\/\/api.w.org\/{rel}","templated":true}]}}